{"id":4794,"date":"2026-04-27T20:08:11","date_gmt":"2026-04-27T18:08:11","guid":{"rendered":"https:\/\/ferencesgimnazium.hu\/?p=4794"},"modified":"2026-04-27T20:14:04","modified_gmt":"2026-04-27T18:14:04","slug":"egyeztetett-felveteli-jegyzek-2026","status":"publish","type":"post","link":"https:\/\/ferencesgimnazium.hu\/index.php\/egyeztetett-felveteli-jegyzek-2026\/","title":{"rendered":"Egyeztetett felv\u00e9teli jegyz\u00e9k 2026"},"content":{"rendered":"\n<p><strong>Kedves Di\u00e1kok! Tisztelt Sz\u00fcl\u0151k!<\/strong><\/p>\n\n\n\n<p>Al\u00e1bb tal\u00e1lj\u00e1k iskol\u00e1nk egyeztetett (v\u00e9gleges) felv\u00e9teli jegyz\u00e9k\u00e9t \u00e9vfolyamonk\u00e9nt, a felv\u00e9telt nyert tanul\u00f3k oktat\u00e1si azonos\u00edt\u00f3ival:<\/p>\n\n\n\n<div class=\"wp-block-file\"><a id=\"wp-block-file--media-1af4d371-3fb6-4a0b-9105-306695e9413f\" href=\"https:\/\/ferencesgimnazium.hu\/wp-content\/uploads\/2026\/04\/VeglegesJegyzek-4-2026.pdf\">VeglegesJegyzek-4-2026 (4 \u00e9vfolyamos k\u00e9pz\u00e9sre jelentkez\u0151k)<\/a><\/div>\n\n\n\n<div class=\"wp-block-file\"><a id=\"wp-block-file--media-23dc5713-afbf-4410-b657-4a71adcb0d85\" href=\"https:\/\/ferencesgimnazium.hu\/wp-content\/uploads\/2026\/04\/VeglegesJegyzek-6-2026.pdf\">VeglegesJegyzek-6-2026 (6 \u00e9vfolyamos k\u00e9pz\u00e9sre jelentkez\u0151k)<\/a><\/div>\n\n\n\n<p>A felv\u00e9telt nyert, illetve az elutas\u00edtott tanul\u00f3kat lev\u00e9lben is \u00e9rtes\u00edtj\u00fck 2026. m\u00e1jus 8-ig.<\/p>\n\n\n\n<p>Mindenkinek gratul\u00e1lunk a sikeres felv\u00e9telij\u00e9hez \u00e9s k\u00f6sz\u00f6nj\u00fck, hogy megtisztelt\u00e9k iskol\u00e1nkat bizalmukkal!<\/p>\n\n\n\n<p>Dr. Kamp Alfr\u00e9d<br>igazgat\u00f3<\/p>\n\n\n\n<p><\/p>\n","protected":false},"excerpt":{"rendered":"<p>Kedves Di\u00e1kok! Tisztelt Sz\u00fcl\u0151k! Al\u00e1bb tal\u00e1lj\u00e1k iskol\u00e1nk egyeztetett (v\u00e9gleges) felv\u00e9teli jegyz\u00e9k\u00e9t \u00e9vfolyamonk\u00e9nt, a felv\u00e9telt nyert tanul\u00f3k oktat\u00e1si azonos\u00edt\u00f3ival: A felv\u00e9telt [&hellip;]<\/p>\n","protected":false},"author":19,"featured_media":0,"comment_status":"closed","ping_status":"open","sticky":false,"template":"","format":"standard","meta":{"ngg_post_thumbnail":0,"footnotes":""},"categories":[8],"tags":[],"class_list":["post-4794","post","type-post","status-publish","format-standard","hentry","category-hirek"],"_links":{"self":[{"href":"https:\/\/ferencesgimnazium.hu\/index.php\/wp-json\/wp\/v2\/posts\/4794","targetHints":{"allow":["GET"]}}],"collection":[{"href":"https:\/\/ferencesgimnazium.hu\/index.php\/wp-json\/wp\/v2\/posts"}],"about":[{"href":"https:\/\/ferencesgimnazium.hu\/index.php\/wp-json\/wp\/v2\/types\/post"}],"author":[{"embeddable":true,"href":"https:\/\/ferencesgimnazium.hu\/index.php\/wp-json\/wp\/v2\/users\/19"}],"replies":[{"embeddable":true,"href":"https:\/\/ferencesgimnazium.hu\/index.php\/wp-json\/wp\/v2\/comments?post=4794"}],"version-history":[{"count":4,"href":"https:\/\/ferencesgimnazium.hu\/index.php\/wp-json\/wp\/v2\/posts\/4794\/revisions"}],"predecessor-version":[{"id":4801,"href":"https:\/\/ferencesgimnazium.hu\/index.php\/wp-json\/wp\/v2\/posts\/4794\/revisions\/4801"}],"wp:attachment":[{"href":"https:\/\/ferencesgimnazium.hu\/index.php\/wp-json\/wp\/v2\/media?parent=4794"}],"wp:term":[{"taxonomy":"category","embeddable":true,"href":"https:\/\/ferencesgimnazium.hu\/index.php\/wp-json\/wp\/v2\/categories?post=4794"},{"taxonomy":"post_tag","embeddable":true,"href":"https:\/\/ferencesgimnazium.hu\/index.php\/wp-json\/wp\/v2\/tags?post=4794"}],"curies":[{"name":"wp","href":"https:\/\/api.w.org\/{rel}","templated":true}]}}