{"id":4102,"date":"2025-04-07T16:58:50","date_gmt":"2025-04-07T14:58:50","guid":{"rendered":"https:\/\/ferencesgimnazium.hu\/?p=4102"},"modified":"2025-04-07T16:58:50","modified_gmt":"2025-04-07T14:58:50","slug":"nagyhet-es-husvet","status":"publish","type":"post","link":"https:\/\/ferencesgimnazium.hu\/index.php\/nagyhet-es-husvet\/","title":{"rendered":"Nagyh\u00e9t \u00e9s H\u00fasv\u00e9t"},"content":{"rendered":"<p><a href=\"https:\/\/ferencesgimnazium.hu\/wp-content\/uploads\/2025\/04\/Szentendre-ferences-kapolna-hirdeto-husvet_page-0001.jpg\"><img loading=\"lazy\" decoding=\"async\" class=\"aligncenter wp-image-4100 size-large\" src=\"https:\/\/ferencesgimnazium.hu\/wp-content\/uploads\/2025\/04\/Szentendre-ferences-kapolna-hirdeto-husvet_page-0001-725x1024.jpg\" alt=\"\" width=\"725\" height=\"1024\" srcset=\"https:\/\/ferencesgimnazium.hu\/wp-content\/uploads\/2025\/04\/Szentendre-ferences-kapolna-hirdeto-husvet_page-0001-725x1024.jpg 725w, https:\/\/ferencesgimnazium.hu\/wp-content\/uploads\/2025\/04\/Szentendre-ferences-kapolna-hirdeto-husvet_page-0001-212x300.jpg 212w, https:\/\/ferencesgimnazium.hu\/wp-content\/uploads\/2025\/04\/Szentendre-ferences-kapolna-hirdeto-husvet_page-0001-768x1085.jpg 768w, https:\/\/ferencesgimnazium.hu\/wp-content\/uploads\/2025\/04\/Szentendre-ferences-kapolna-hirdeto-husvet_page-0001-1087x1536.jpg 1087w, https:\/\/ferencesgimnazium.hu\/wp-content\/uploads\/2025\/04\/Szentendre-ferences-kapolna-hirdeto-husvet_page-0001-1449x2048.jpg 1449w, https:\/\/ferencesgimnazium.hu\/wp-content\/uploads\/2025\/04\/Szentendre-ferences-kapolna-hirdeto-husvet_page-0001-1000x1413.jpg 1000w, https:\/\/ferencesgimnazium.hu\/wp-content\/uploads\/2025\/04\/Szentendre-ferences-kapolna-hirdeto-husvet_page-0001-230x325.jpg 230w, https:\/\/ferencesgimnazium.hu\/wp-content\/uploads\/2025\/04\/Szentendre-ferences-kapolna-hirdeto-husvet_page-0001-350x495.jpg 350w, https:\/\/ferencesgimnazium.hu\/wp-content\/uploads\/2025\/04\/Szentendre-ferences-kapolna-hirdeto-husvet_page-0001-480x678.jpg 480w, https:\/\/ferencesgimnazium.hu\/wp-content\/uploads\/2025\/04\/Szentendre-ferences-kapolna-hirdeto-husvet_page-0001.jpg 1755w\" sizes=\"auto, (max-width: 725px) 100vw, 725px\" \/><\/a><\/p>\n","protected":false},"excerpt":{"rendered":"","protected":false},"author":2,"featured_media":0,"comment_status":"closed","ping_status":"open","sticky":false,"template":"","format":"standard","meta":{"ngg_post_thumbnail":0,"footnotes":""},"categories":[1],"tags":[],"class_list":["post-4102","post","type-post","status-publish","format-standard","hentry","category-egyeb"],"_links":{"self":[{"href":"https:\/\/ferencesgimnazium.hu\/index.php\/wp-json\/wp\/v2\/posts\/4102","targetHints":{"allow":["GET"]}}],"collection":[{"href":"https:\/\/ferencesgimnazium.hu\/index.php\/wp-json\/wp\/v2\/posts"}],"about":[{"href":"https:\/\/ferencesgimnazium.hu\/index.php\/wp-json\/wp\/v2\/types\/post"}],"author":[{"embeddable":true,"href":"https:\/\/ferencesgimnazium.hu\/index.php\/wp-json\/wp\/v2\/users\/2"}],"replies":[{"embeddable":true,"href":"https:\/\/ferencesgimnazium.hu\/index.php\/wp-json\/wp\/v2\/comments?post=4102"}],"version-history":[{"count":1,"href":"https:\/\/ferencesgimnazium.hu\/index.php\/wp-json\/wp\/v2\/posts\/4102\/revisions"}],"predecessor-version":[{"id":4103,"href":"https:\/\/ferencesgimnazium.hu\/index.php\/wp-json\/wp\/v2\/posts\/4102\/revisions\/4103"}],"wp:attachment":[{"href":"https:\/\/ferencesgimnazium.hu\/index.php\/wp-json\/wp\/v2\/media?parent=4102"}],"wp:term":[{"taxonomy":"category","embeddable":true,"href":"https:\/\/ferencesgimnazium.hu\/index.php\/wp-json\/wp\/v2\/categories?post=4102"},{"taxonomy":"post_tag","embeddable":true,"href":"https:\/\/ferencesgimnazium.hu\/index.php\/wp-json\/wp\/v2\/tags?post=4102"}],"curies":[{"name":"wp","href":"https:\/\/api.w.org\/{rel}","templated":true}]}}