{"id":3999,"date":"2024-12-03T13:29:39","date_gmt":"2024-12-03T12:29:39","guid":{"rendered":"https:\/\/ferencesgimnazium.hu\/?p=3999"},"modified":"2024-12-03T13:29:39","modified_gmt":"2024-12-03T12:29:39","slug":"takarito-kollegakat-keresunk-resz-vagy-teljes-munkaidoben-hosszu-tavra","status":"publish","type":"post","link":"https:\/\/ferencesgimnazium.hu\/index.php\/takarito-kollegakat-keresunk-resz-vagy-teljes-munkaidoben-hosszu-tavra\/","title":{"rendered":"TAKAR\u00cdT\u00d3 koll\u00e9g\u00e1kat keres\u00fcnk r\u00e9sz- vagy teljes munkaid\u0151ben hossz\u00fa t\u00e1vra"},"content":{"rendered":"<p>A Ferences Gimn\u00e1zium TAKAR\u00cdT\u00d3 koll\u00e9g\u00e1kat keres r\u00e9sz- vagy teljes munkaid\u0151ben hossz\u00fa t\u00e1vra.<\/p>\n<p>Szakmai tapasztalat el\u0151nyt jelent, de nem felt\u00e9tel.<br \/>\n<strong>Amit k\u00e9r\u00fcnk:<\/strong> megb\u00edzhat\u00f3s\u00e1g, becs\u00fcletess\u00e9g, seg\u00edt\u0151k\u00e9szs\u00e9g, tiszta munkav\u00e9gz\u00e9s.<br \/>\n<strong>Amit k\u00edn\u00e1lunk:<\/strong> hossz\u00fa t\u00e1v\u00fa munkalehet\u0151s\u00e9g megb\u00edzhat\u00f3 munk\u00e1ltat\u00f3n\u00e1l t\u00e1mogat\u00f3 munkak\u00f6z\u00f6ss\u00e9gben, munkarend h\u00e9tk\u00f6znapokon kora reggeli vagy k\u00e9s\u0151 esti id\u0151s\u00e1vban megegyez\u00e9s szerint.<\/p>\n<p><strong>\u00c9rdekl\u0151dni:<\/strong> h\u00e9tk\u00f6znapokon munkaid\u0151ben a Ferences Gimn\u00e1zium port\u00e1j\u00e1n \u00f6n\u00e9letrajz lead\u00e1s\u00e1val a gondnokot (K\u0151r\u00f6si L\u00e1szl\u00f3) vagy a gazdas\u00e1gi vezet\u0151t (Golub Eszter) keresve.<br \/>\ngondnok@ferencesgimnazium.hu<br \/>\ngazdasagi@ferencesgimnazium.hu<\/p>\n<p>&nbsp;<\/p>\n<p><a href=\"https:\/\/ferencesgimnazium.hu\/wp-content\/uploads\/2024\/12\/K\u00e9p1.jpg\"><img loading=\"lazy\" decoding=\"async\" class=\"aligncenter size-full wp-image-4000\" src=\"https:\/\/ferencesgimnazium.hu\/wp-content\/uploads\/2024\/12\/K\u00e9p1.jpg\" alt=\"\" width=\"241\" height=\"227\" srcset=\"https:\/\/ferencesgimnazium.hu\/wp-content\/uploads\/2024\/12\/K\u00e9p1.jpg 241w, https:\/\/ferencesgimnazium.hu\/wp-content\/uploads\/2024\/12\/K\u00e9p1-230x217.jpg 230w\" sizes=\"auto, (max-width: 241px) 100vw, 241px\" \/><\/a><\/p>\n","protected":false},"excerpt":{"rendered":"<p>A Ferences Gimn\u00e1zium TAKAR\u00cdT\u00d3 koll\u00e9g\u00e1kat keres r\u00e9sz- vagy teljes munkaid\u0151ben hossz\u00fa t\u00e1vra. Szakmai tapasztalat el\u0151nyt jelent, de nem felt\u00e9tel. Amit [&hellip;]<\/p>\n","protected":false},"author":2,"featured_media":0,"comment_status":"closed","ping_status":"open","sticky":false,"template":"","format":"standard","meta":{"ngg_post_thumbnail":0,"footnotes":""},"categories":[8],"tags":[],"class_list":["post-3999","post","type-post","status-publish","format-standard","hentry","category-hirek"],"_links":{"self":[{"href":"https:\/\/ferencesgimnazium.hu\/index.php\/wp-json\/wp\/v2\/posts\/3999","targetHints":{"allow":["GET"]}}],"collection":[{"href":"https:\/\/ferencesgimnazium.hu\/index.php\/wp-json\/wp\/v2\/posts"}],"about":[{"href":"https:\/\/ferencesgimnazium.hu\/index.php\/wp-json\/wp\/v2\/types\/post"}],"author":[{"embeddable":true,"href":"https:\/\/ferencesgimnazium.hu\/index.php\/wp-json\/wp\/v2\/users\/2"}],"replies":[{"embeddable":true,"href":"https:\/\/ferencesgimnazium.hu\/index.php\/wp-json\/wp\/v2\/comments?post=3999"}],"version-history":[{"count":1,"href":"https:\/\/ferencesgimnazium.hu\/index.php\/wp-json\/wp\/v2\/posts\/3999\/revisions"}],"predecessor-version":[{"id":4001,"href":"https:\/\/ferencesgimnazium.hu\/index.php\/wp-json\/wp\/v2\/posts\/3999\/revisions\/4001"}],"wp:attachment":[{"href":"https:\/\/ferencesgimnazium.hu\/index.php\/wp-json\/wp\/v2\/media?parent=3999"}],"wp:term":[{"taxonomy":"category","embeddable":true,"href":"https:\/\/ferencesgimnazium.hu\/index.php\/wp-json\/wp\/v2\/categories?post=3999"},{"taxonomy":"post_tag","embeddable":true,"href":"https:\/\/ferencesgimnazium.hu\/index.php\/wp-json\/wp\/v2\/tags?post=3999"}],"curies":[{"name":"wp","href":"https:\/\/api.w.org\/{rel}","templated":true}]}}