{"id":3848,"date":"2024-05-28T15:03:12","date_gmt":"2024-05-28T13:03:12","guid":{"rendered":"https:\/\/ferencesgimnazium.hu\/?p=3848"},"modified":"2024-05-29T10:06:04","modified_gmt":"2024-05-29T08:06:04","slug":"r-i-p-fr-polgari-mate-ofm","status":"publish","type":"post","link":"https:\/\/ferencesgimnazium.hu\/index.php\/r-i-p-fr-polgari-mate-ofm\/","title":{"rendered":"R.I.P. Fr. Polg\u00e1ri M\u00e1t\u00e9 OFM"},"content":{"rendered":"<div dir=\"auto\">Tegnap este az esztergomi k\u00f3rh\u00e1zban elhunyt Fr. Polg\u00e1ri M\u00e1t\u00e9 OFM, ferences testv\u00e9r, iskol\u00e1nk volt hittantan\u00e1ra.<\/div>\n<div dir=\"auto\">R.I.P.<\/div>\n<div dir=\"auto\"><a href=\"https:\/\/ferencesgimnazium.hu\/wp-content\/uploads\/2024\/05\/Polg\u00e1ri-M\u00e1t\u00e9-2..jpg\"><img loading=\"lazy\" decoding=\"async\" class=\"aligncenter wp-image-3849\" src=\"https:\/\/ferencesgimnazium.hu\/wp-content\/uploads\/2024\/05\/Polg\u00e1ri-M\u00e1t\u00e9-2.-202x300.jpg\" alt=\"\" width=\"344\" height=\"512\" srcset=\"https:\/\/ferencesgimnazium.hu\/wp-content\/uploads\/2024\/05\/Polg\u00e1ri-M\u00e1t\u00e9-2.-202x300.jpg 202w, https:\/\/ferencesgimnazium.hu\/wp-content\/uploads\/2024\/05\/Polg\u00e1ri-M\u00e1t\u00e9-2.-688x1024.jpg 688w, https:\/\/ferencesgimnazium.hu\/wp-content\/uploads\/2024\/05\/Polg\u00e1ri-M\u00e1t\u00e9-2.-768x1143.jpg 768w, https:\/\/ferencesgimnazium.hu\/wp-content\/uploads\/2024\/05\/Polg\u00e1ri-M\u00e1t\u00e9-2.-830x1236.jpg 830w, https:\/\/ferencesgimnazium.hu\/wp-content\/uploads\/2024\/05\/Polg\u00e1ri-M\u00e1t\u00e9-2.-230x342.jpg 230w, https:\/\/ferencesgimnazium.hu\/wp-content\/uploads\/2024\/05\/Polg\u00e1ri-M\u00e1t\u00e9-2.-350x521.jpg 350w, https:\/\/ferencesgimnazium.hu\/wp-content\/uploads\/2024\/05\/Polg\u00e1ri-M\u00e1t\u00e9-2.-480x715.jpg 480w, https:\/\/ferencesgimnazium.hu\/wp-content\/uploads\/2024\/05\/Polg\u00e1ri-M\u00e1t\u00e9-2..jpg 935w\" sizes=\"auto, (max-width: 344px) 100vw, 344px\" \/><\/a><\/div>\n","protected":false},"excerpt":{"rendered":"<p>Tegnap este az esztergomi k\u00f3rh\u00e1zban elhunyt Fr. Polg\u00e1ri M\u00e1t\u00e9 OFM, ferences testv\u00e9r, iskol\u00e1nk volt hittantan\u00e1ra. R.I.P.<\/p>\n","protected":false},"author":2,"featured_media":0,"comment_status":"closed","ping_status":"open","sticky":false,"template":"","format":"standard","meta":{"ngg_post_thumbnail":0,"footnotes":""},"categories":[8],"tags":[],"class_list":["post-3848","post","type-post","status-publish","format-standard","hentry","category-hirek"],"_links":{"self":[{"href":"https:\/\/ferencesgimnazium.hu\/index.php\/wp-json\/wp\/v2\/posts\/3848","targetHints":{"allow":["GET"]}}],"collection":[{"href":"https:\/\/ferencesgimnazium.hu\/index.php\/wp-json\/wp\/v2\/posts"}],"about":[{"href":"https:\/\/ferencesgimnazium.hu\/index.php\/wp-json\/wp\/v2\/types\/post"}],"author":[{"embeddable":true,"href":"https:\/\/ferencesgimnazium.hu\/index.php\/wp-json\/wp\/v2\/users\/2"}],"replies":[{"embeddable":true,"href":"https:\/\/ferencesgimnazium.hu\/index.php\/wp-json\/wp\/v2\/comments?post=3848"}],"version-history":[{"count":3,"href":"https:\/\/ferencesgimnazium.hu\/index.php\/wp-json\/wp\/v2\/posts\/3848\/revisions"}],"predecessor-version":[{"id":3852,"href":"https:\/\/ferencesgimnazium.hu\/index.php\/wp-json\/wp\/v2\/posts\/3848\/revisions\/3852"}],"wp:attachment":[{"href":"https:\/\/ferencesgimnazium.hu\/index.php\/wp-json\/wp\/v2\/media?parent=3848"}],"wp:term":[{"taxonomy":"category","embeddable":true,"href":"https:\/\/ferencesgimnazium.hu\/index.php\/wp-json\/wp\/v2\/categories?post=3848"},{"taxonomy":"post_tag","embeddable":true,"href":"https:\/\/ferencesgimnazium.hu\/index.php\/wp-json\/wp\/v2\/tags?post=3848"}],"curies":[{"name":"wp","href":"https:\/\/api.w.org\/{rel}","templated":true}]}}