{"id":3841,"date":"2024-05-28T09:12:03","date_gmt":"2024-05-28T07:12:03","guid":{"rendered":"https:\/\/ferencesgimnazium.hu\/?p=3841"},"modified":"2024-05-28T10:01:51","modified_gmt":"2024-05-28T08:01:51","slug":"2024-2025-es-tanev-uj-osztalyfonokei","status":"publish","type":"post","link":"https:\/\/ferencesgimnazium.hu\/index.php\/2024-2025-es-tanev-uj-osztalyfonokei\/","title":{"rendered":"2024\/2025-es tan\u00e9v \u00faj oszt\u00e1lyf\u0151n\u00f6kei"},"content":{"rendered":"<table style=\"width: 100%; border-collapse: collapse; border-color: #ffffff; background-color: #ffffff; border-style: solid; height: 348px;\" border=\"0\">\n<tbody>\n<tr style=\"height: 300px;\">\n<td style=\"width: 33.3333%; border-color: #ffffff; height: 300px;\"><a href=\"https:\/\/ferencesgimnazium.hu\/wp-content\/uploads\/2020\/08\/tan-20-of-47.jpg\"><img loading=\"lazy\" decoding=\"async\" class=\"aligncenter wp-image-2603 size-medium\" src=\"https:\/\/ferencesgimnazium.hu\/wp-content\/uploads\/2020\/08\/tan-20-of-47-225x300.jpg\" alt=\"\" width=\"225\" height=\"300\" srcset=\"https:\/\/ferencesgimnazium.hu\/wp-content\/uploads\/2020\/08\/tan-20-of-47-225x300.jpg 225w, https:\/\/ferencesgimnazium.hu\/wp-content\/uploads\/2020\/08\/tan-20-of-47-768x1024.jpg 768w, https:\/\/ferencesgimnazium.hu\/wp-content\/uploads\/2020\/08\/tan-20-of-47-1152x1536.jpg 1152w, https:\/\/ferencesgimnazium.hu\/wp-content\/uploads\/2020\/08\/tan-20-of-47-1536x2048.jpg 1536w, https:\/\/ferencesgimnazium.hu\/wp-content\/uploads\/2020\/08\/tan-20-of-47-830x1107.jpg 830w, https:\/\/ferencesgimnazium.hu\/wp-content\/uploads\/2020\/08\/tan-20-of-47-230x307.jpg 230w, https:\/\/ferencesgimnazium.hu\/wp-content\/uploads\/2020\/08\/tan-20-of-47-350x467.jpg 350w, https:\/\/ferencesgimnazium.hu\/wp-content\/uploads\/2020\/08\/tan-20-of-47-480x640.jpg 480w, https:\/\/ferencesgimnazium.hu\/wp-content\/uploads\/2020\/08\/tan-20-of-47.jpg 1864w\" sizes=\"auto, (max-width: 225px) 100vw, 225px\" \/><\/a><\/td>\n<td style=\"width: 33.3333%; border-color: #ffffff; height: 300px;\"><a href=\"https:\/\/ferencesgimnazium.hu\/wp-content\/uploads\/2020\/08\/tan-18-of-47.jpg\"><img loading=\"lazy\" decoding=\"async\" class=\"aligncenter wp-image-2601 size-medium\" src=\"https:\/\/ferencesgimnazium.hu\/wp-content\/uploads\/2020\/08\/tan-18-of-47-225x300.jpg\" alt=\"\" width=\"225\" height=\"300\" srcset=\"https:\/\/ferencesgimnazium.hu\/wp-content\/uploads\/2020\/08\/tan-18-of-47-225x300.jpg 225w, https:\/\/ferencesgimnazium.hu\/wp-content\/uploads\/2020\/08\/tan-18-of-47-768x1024.jpg 768w, https:\/\/ferencesgimnazium.hu\/wp-content\/uploads\/2020\/08\/tan-18-of-47-1152x1536.jpg 1152w, https:\/\/ferencesgimnazium.hu\/wp-content\/uploads\/2020\/08\/tan-18-of-47-830x1107.jpg 830w, https:\/\/ferencesgimnazium.hu\/wp-content\/uploads\/2020\/08\/tan-18-of-47-230x307.jpg 230w, https:\/\/ferencesgimnazium.hu\/wp-content\/uploads\/2020\/08\/tan-18-of-47-350x467.jpg 350w, https:\/\/ferencesgimnazium.hu\/wp-content\/uploads\/2020\/08\/tan-18-of-47-480x640.jpg 480w, https:\/\/ferencesgimnazium.hu\/wp-content\/uploads\/2020\/08\/tan-18-of-47.jpg 1334w\" sizes=\"auto, (max-width: 225px) 100vw, 225px\" \/><\/a><\/td>\n<td style=\"width: 33.3333%; border-color: #ffffff; height: 300px;\"><a href=\"https:\/\/ferencesgimnazium.hu\/wp-content\/uploads\/2020\/08\/tan-40-of-47.jpg\"><img loading=\"lazy\" decoding=\"async\" class=\"aligncenter wp-image-2623 size-medium\" src=\"https:\/\/ferencesgimnazium.hu\/wp-content\/uploads\/2020\/08\/tan-40-of-47-225x300.jpg\" alt=\"\" width=\"225\" height=\"300\" srcset=\"https:\/\/ferencesgimnazium.hu\/wp-content\/uploads\/2020\/08\/tan-40-of-47-225x300.jpg 225w, https:\/\/ferencesgimnazium.hu\/wp-content\/uploads\/2020\/08\/tan-40-of-47-230x307.jpg 230w, https:\/\/ferencesgimnazium.hu\/wp-content\/uploads\/2020\/08\/tan-40-of-47-350x467.jpg 350w, https:\/\/ferencesgimnazium.hu\/wp-content\/uploads\/2020\/08\/tan-40-of-47-480x640.jpg 480w, https:\/\/ferencesgimnazium.hu\/wp-content\/uploads\/2020\/08\/tan-40-of-47.jpg 742w\" sizes=\"auto, (max-width: 225px) 100vw, 225px\" \/><\/a><\/td>\n<\/tr>\n<tr style=\"height: 24px;\">\n<td style=\"width: 33.3333%; border-color: #ffffff; text-align: center; height: 24px;\"><strong><span style=\"color: #ff0000;\">7\/A oszt\u00e1ly<\/span><\/strong><\/td>\n<td style=\"width: 33.3333%; border-color: #ffffff; text-align: center; height: 24px;\"><strong><span style=\"color: #ff0000;\">7\/B oszt\u00e1ly<\/span><\/strong><\/td>\n<td style=\"width: 33.3333%; border-color: #ffffff; text-align: center; height: 24px;\"><strong><span style=\"color: #ff0000;\">9\/C oszt\u00e1ly<\/span><\/strong><\/td>\n<\/tr>\n<tr style=\"height: 24px;\">\n<td style=\"width: 33.3333%; border-color: #ffffff; text-align: center; height: 24px;\"><strong>Kett\u0151sn\u00e9 P\u00f3zner Edina<\/strong><\/td>\n<td style=\"width: 33.3333%; border-color: #ffffff; text-align: center; height: 24px;\"><strong>Ujv\u00e1ri Csaba<\/strong><\/td>\n<td style=\"width: 33.3333%; border-color: #ffffff; text-align: center; height: 24px;\"><strong>Dr. B\u00faz\u00e1n\u00e9 T\u00f3th M\u00e1rta<\/strong><\/td>\n<\/tr>\n<\/tbody>\n<\/table>\n<p>&nbsp;<\/p>\n","protected":false},"excerpt":{"rendered":"<p>7\/A oszt\u00e1ly 7\/B oszt\u00e1ly 9\/C oszt\u00e1ly Kett\u0151sn\u00e9 P\u00f3zner Edina Ujv\u00e1ri Csaba Dr. B\u00faz\u00e1n\u00e9 T\u00f3th M\u00e1rta &nbsp;<\/p>\n","protected":false},"author":2,"featured_media":0,"comment_status":"closed","ping_status":"open","sticky":false,"template":"","format":"standard","meta":{"ngg_post_thumbnail":0,"footnotes":""},"categories":[8],"tags":[],"class_list":["post-3841","post","type-post","status-publish","format-standard","hentry","category-hirek"],"_links":{"self":[{"href":"https:\/\/ferencesgimnazium.hu\/index.php\/wp-json\/wp\/v2\/posts\/3841","targetHints":{"allow":["GET"]}}],"collection":[{"href":"https:\/\/ferencesgimnazium.hu\/index.php\/wp-json\/wp\/v2\/posts"}],"about":[{"href":"https:\/\/ferencesgimnazium.hu\/index.php\/wp-json\/wp\/v2\/types\/post"}],"author":[{"embeddable":true,"href":"https:\/\/ferencesgimnazium.hu\/index.php\/wp-json\/wp\/v2\/users\/2"}],"replies":[{"embeddable":true,"href":"https:\/\/ferencesgimnazium.hu\/index.php\/wp-json\/wp\/v2\/comments?post=3841"}],"version-history":[{"count":2,"href":"https:\/\/ferencesgimnazium.hu\/index.php\/wp-json\/wp\/v2\/posts\/3841\/revisions"}],"predecessor-version":[{"id":3846,"href":"https:\/\/ferencesgimnazium.hu\/index.php\/wp-json\/wp\/v2\/posts\/3841\/revisions\/3846"}],"wp:attachment":[{"href":"https:\/\/ferencesgimnazium.hu\/index.php\/wp-json\/wp\/v2\/media?parent=3841"}],"wp:term":[{"taxonomy":"category","embeddable":true,"href":"https:\/\/ferencesgimnazium.hu\/index.php\/wp-json\/wp\/v2\/categories?post=3841"},{"taxonomy":"post_tag","embeddable":true,"href":"https:\/\/ferencesgimnazium.hu\/index.php\/wp-json\/wp\/v2\/tags?post=3841"}],"curies":[{"name":"wp","href":"https:\/\/api.w.org\/{rel}","templated":true}]}}