{"id":3743,"date":"2024-03-19T20:15:17","date_gmt":"2024-03-19T19:15:17","guid":{"rendered":"https:\/\/ferencesgimnazium.hu\/?p=3743"},"modified":"2024-03-19T20:15:17","modified_gmt":"2024-03-19T19:15:17","slug":"ideiglenes-felveteli-jegyzek-5","status":"publish","type":"post","link":"https:\/\/ferencesgimnazium.hu\/index.php\/ideiglenes-felveteli-jegyzek-5\/","title":{"rendered":"Ideiglenes felv\u00e9teli jegyz\u00e9k"},"content":{"rendered":"<p>Tisztelt Sz\u00fcl\u0151k, Kedves Di\u00e1kok!<\/p>\n<p>Az ideiglenes felv\u00e9teli jegyz\u00e9kek itt \u00e9rhet\u0151ek el:<\/p>\n<p><a href=\"https:\/\/ferencesgimnazium.hu\/wp-content\/uploads\/2024\/03\/ideiglenes-b\u0151v\u00edtett-felv\u00e9teli-lista6_2024.pdf\">6 \u00e9vfolyamos k\u00e9pz\u00e9s<\/a><\/p>\n<p><a href=\"https:\/\/ferencesgimnazium.hu\/wp-content\/uploads\/2024\/03\/ideiglenes-b\u0151v\u00edtett-felv\u00e9teli-lista4_2024.pdf\">4 \u00e9vfolyamos k\u00e9pz\u00e9s<\/a><\/p>\n<p>B\u00e9cser R\u00f3bert<br \/>\nigazgat\u00f3<\/p>\n","protected":false},"excerpt":{"rendered":"<p>Tisztelt Sz\u00fcl\u0151k, Kedves Di\u00e1kok! Az ideiglenes felv\u00e9teli jegyz\u00e9kek itt \u00e9rhet\u0151ek el: 6 \u00e9vfolyamos k\u00e9pz\u00e9s 4 \u00e9vfolyamos k\u00e9pz\u00e9s B\u00e9cser R\u00f3bert igazgat\u00f3<\/p>\n","protected":false},"author":2,"featured_media":0,"comment_status":"closed","ping_status":"open","sticky":false,"template":"","format":"standard","meta":{"ngg_post_thumbnail":0,"footnotes":""},"categories":[8],"tags":[],"class_list":["post-3743","post","type-post","status-publish","format-standard","hentry","category-hirek"],"_links":{"self":[{"href":"https:\/\/ferencesgimnazium.hu\/index.php\/wp-json\/wp\/v2\/posts\/3743","targetHints":{"allow":["GET"]}}],"collection":[{"href":"https:\/\/ferencesgimnazium.hu\/index.php\/wp-json\/wp\/v2\/posts"}],"about":[{"href":"https:\/\/ferencesgimnazium.hu\/index.php\/wp-json\/wp\/v2\/types\/post"}],"author":[{"embeddable":true,"href":"https:\/\/ferencesgimnazium.hu\/index.php\/wp-json\/wp\/v2\/users\/2"}],"replies":[{"embeddable":true,"href":"https:\/\/ferencesgimnazium.hu\/index.php\/wp-json\/wp\/v2\/comments?post=3743"}],"version-history":[{"count":1,"href":"https:\/\/ferencesgimnazium.hu\/index.php\/wp-json\/wp\/v2\/posts\/3743\/revisions"}],"predecessor-version":[{"id":3746,"href":"https:\/\/ferencesgimnazium.hu\/index.php\/wp-json\/wp\/v2\/posts\/3743\/revisions\/3746"}],"wp:attachment":[{"href":"https:\/\/ferencesgimnazium.hu\/index.php\/wp-json\/wp\/v2\/media?parent=3743"}],"wp:term":[{"taxonomy":"category","embeddable":true,"href":"https:\/\/ferencesgimnazium.hu\/index.php\/wp-json\/wp\/v2\/categories?post=3743"},{"taxonomy":"post_tag","embeddable":true,"href":"https:\/\/ferencesgimnazium.hu\/index.php\/wp-json\/wp\/v2\/tags?post=3743"}],"curies":[{"name":"wp","href":"https:\/\/api.w.org\/{rel}","templated":true}]}}