{"id":3590,"date":"2023-10-11T13:49:08","date_gmt":"2023-10-11T11:49:08","guid":{"rendered":"https:\/\/ferencesgimnazium.hu\/?p=3590"},"modified":"2023-10-16T21:13:32","modified_gmt":"2023-10-16T19:13:32","slug":"meseverseny-eredmenyek","status":"publish","type":"post","link":"https:\/\/ferencesgimnazium.hu\/index.php\/meseverseny-eredmenyek\/","title":{"rendered":"Meseverseny eredm\u00e9nyek"},"content":{"rendered":"<p><img loading=\"lazy\" decoding=\"async\" class=\"wp-image-3591 aligncenter\" src=\"https:\/\/ferencesgimnazium.hu\/wp-content\/uploads\/2023\/10\/Meseverseny.jpg\" alt=\"\" width=\"564\" height=\"317\" srcset=\"https:\/\/ferencesgimnazium.hu\/wp-content\/uploads\/2023\/10\/Meseverseny.jpg 299w, https:\/\/ferencesgimnazium.hu\/wp-content\/uploads\/2023\/10\/Meseverseny-230x129.jpg 230w\" sizes=\"auto, (max-width: 564px) 100vw, 564px\" \/><\/p>\n<p>&nbsp;<\/p>\n<p style=\"text-align: center;\"><strong><span style=\"color: #ff0000; font-size: 14pt;\">II. Nagy Meseverseny d\u00edjazottjai<\/span><\/strong><\/p>\n<p>&nbsp;<\/p>\n<p style=\"text-align: left;\"><span style=\"font-size: 12pt;\">Kedves Mindenki!<\/span><\/p>\n<p><span style=\"font-size: 12pt;\">A Magyar N\u00e9pmese Napja alkalm\u00e1b\u00f3l megrendezett idei megm\u00e9rettet\u00e9sen a k\u00f6vetkez\u0151 eredm\u00e9nyek sz\u00fclettek:<\/span><\/p>\n<p><span style=\"font-size: 12pt;\"><u>Mesemond\u00f3 kateg\u00f3ri\u00e1ban:<\/u><\/span><\/p>\n<p><span style=\"font-size: 12pt;\"><span style=\"color: #ed7d31;\">Arany<\/span> min\u0151s\u00edt\u00e9s: Juh\u00e1sz Lilianna (7.a)<\/span><\/p>\n<p><span style=\"font-size: 12pt;\"><span style=\"color: #7b7b7b;\">Ez\u00fcst <\/span>min\u0151s\u00edt\u00e9s: Tomka Blanka (7.b)<\/span><\/p>\n<p><span style=\"font-size: 12pt;\"><span style=\"color: #c00000;\">Bronz <\/span>min\u0151s\u00edt\u00e9s: Marek Bor\u00f3ka (8.b)<\/span><\/p>\n<p>&nbsp;<\/p>\n<p><span style=\"font-size: 12pt;\"><u>Mese\u00edr\u00f3 kateg\u00f3ri\u00e1ban:<\/u><\/span><\/p>\n<p><span style=\"font-size: 12pt;\"><span style=\"color: #ed7d31;\">Arany<\/span> min\u0151s\u00edt\u00e9s: Vir\u00e1nyi D\u00f3ra (9.a)<\/span><\/p>\n<p><span style=\"font-size: 12pt;\"><span style=\"color: #7b7b7b;\">Ez\u00fcst <\/span>min\u0151s\u00edt\u00e9s: Fekete Korn\u00e9l (9.c)<\/span><\/p>\n<p><span style=\"font-size: 12pt;\"><span style=\"color: #c00000;\">Bronz <\/span>min\u0151s\u00edt\u00e9s: Albert M\u00e1rk (9.c)<\/span><\/p>\n<p><span style=\"font-size: 12pt;\">&nbsp;<\/span><\/p>\n<p style=\"text-align: center;\"><span style=\"font-size: 12pt;\">Minden r\u00e9sztvev\u0151nek sz\u00edvb\u0151l gratul\u00e1lunk!<\/span><\/p>\n<p><span style=\"font-size: 12pt;\">&nbsp;<\/span><\/p>\n<p style=\"text-align: right;\"><span style=\"font-size: 12pt;\">Magyar munkak\u00f6z\u00f6ss\u00e9g<\/span><\/p>\n","protected":false},"excerpt":{"rendered":"<p>&nbsp; II. Nagy Meseverseny d\u00edjazottjai &nbsp; Kedves Mindenki! A Magyar N\u00e9pmese Napja alkalm\u00e1b\u00f3l megrendezett idei megm\u00e9rettet\u00e9sen a k\u00f6vetkez\u0151 eredm\u00e9nyek sz\u00fclettek: [&hellip;]<\/p>\n","protected":false},"author":2,"featured_media":0,"comment_status":"closed","ping_status":"open","sticky":false,"template":"","format":"standard","meta":{"ngg_post_thumbnail":0,"footnotes":""},"categories":[8],"tags":[],"class_list":["post-3590","post","type-post","status-publish","format-standard","hentry","category-hirek"],"_links":{"self":[{"href":"https:\/\/ferencesgimnazium.hu\/index.php\/wp-json\/wp\/v2\/posts\/3590","targetHints":{"allow":["GET"]}}],"collection":[{"href":"https:\/\/ferencesgimnazium.hu\/index.php\/wp-json\/wp\/v2\/posts"}],"about":[{"href":"https:\/\/ferencesgimnazium.hu\/index.php\/wp-json\/wp\/v2\/types\/post"}],"author":[{"embeddable":true,"href":"https:\/\/ferencesgimnazium.hu\/index.php\/wp-json\/wp\/v2\/users\/2"}],"replies":[{"embeddable":true,"href":"https:\/\/ferencesgimnazium.hu\/index.php\/wp-json\/wp\/v2\/comments?post=3590"}],"version-history":[{"count":4,"href":"https:\/\/ferencesgimnazium.hu\/index.php\/wp-json\/wp\/v2\/posts\/3590\/revisions"}],"predecessor-version":[{"id":3601,"href":"https:\/\/ferencesgimnazium.hu\/index.php\/wp-json\/wp\/v2\/posts\/3590\/revisions\/3601"}],"wp:attachment":[{"href":"https:\/\/ferencesgimnazium.hu\/index.php\/wp-json\/wp\/v2\/media?parent=3590"}],"wp:term":[{"taxonomy":"category","embeddable":true,"href":"https:\/\/ferencesgimnazium.hu\/index.php\/wp-json\/wp\/v2\/categories?post=3590"},{"taxonomy":"post_tag","embeddable":true,"href":"https:\/\/ferencesgimnazium.hu\/index.php\/wp-json\/wp\/v2\/tags?post=3590"}],"curies":[{"name":"wp","href":"https:\/\/api.w.org\/{rel}","templated":true}]}}