{"id":3582,"date":"2023-10-07T01:01:58","date_gmt":"2023-10-06T23:01:58","guid":{"rendered":"https:\/\/ferencesgimnazium.hu\/?p=3582"},"modified":"2023-10-07T01:01:58","modified_gmt":"2023-10-06T23:01:58","slug":"nyilt-nap-5","status":"publish","type":"post","link":"https:\/\/ferencesgimnazium.hu\/index.php\/nyilt-nap-5\/","title":{"rendered":"Ny\u00edlt nap"},"content":{"rendered":"<p data-renderer-start-pos=\"1\"><span class=\"fabric-text-color-mark\" data-renderer-mark=\"true\" data-text-custom-color=\"#172b4d\">Tisztelt Sz\u00fcl\u0151k!<\/span><\/p>\n<p data-renderer-start-pos=\"18\"><span class=\"fabric-text-color-mark\" data-renderer-mark=\"true\" data-text-custom-color=\"#172b4d\">Ez\u00faton tisztelettel megh\u00edvjuk a <\/span><strong data-renderer-mark=\"true\"><span class=\"fabric-text-color-mark\" data-renderer-mark=\"true\" data-text-custom-color=\"#172b4d\">Ferences Gimn\u00e1zium<\/span><\/strong><span class=\"fabric-text-color-mark\" data-renderer-mark=\"true\" data-text-custom-color=\"#172b4d\"> ir\u00e1nt \u00e9rdekl\u0151d\u0151 Di\u00e1kokat \u00e9s Sz\u00fcl\u0151ket a <\/span><strong data-renderer-mark=\"true\"><span class=\"fabric-text-color-mark\" data-renderer-mark=\"true\" data-text-custom-color=\"#172b4d\">n<\/span><span class=\"fabric-text-color-mark\" data-renderer-mark=\"true\" data-text-custom-color=\"#172b4d\">y\u00edlt <\/span><span class=\"fabric-text-color-mark\" data-renderer-mark=\"true\" data-text-custom-color=\"#172b4d\">nap<\/span><\/strong><span class=\"fabric-text-color-mark\" data-renderer-mark=\"true\" data-text-custom-color=\"#172b4d\">unkra, melyre<\/span> <a class=\"css-tgpl01\" title=\"https:\/\/forms.gle\/iwU1f993FGo9meRL6\" href=\"https:\/\/forms.gle\/iwU1f993FGo9meRL6\" data-testid=\"link-with-safety\" data-renderer-mark=\"true\"><strong data-renderer-mark=\"true\"><span class=\"fabric-text-color-mark\" data-renderer-mark=\"true\" data-text-custom-color=\"#002451\">el\u0151zetes regisztr\u00e1ci\u00f3 sz\u00fcks\u00e9ges<\/span><\/strong><\/a><strong data-renderer-mark=\"true\"><span class=\"fabric-text-color-mark\" data-renderer-mark=\"true\" data-text-custom-color=\"#002451\">!<\/span><\/strong><\/p>\n<p data-renderer-start-pos=\"170\"><span class=\"fabric-text-color-mark\" data-renderer-mark=\"true\" data-text-custom-color=\"#172b4d\">Id\u0151pont: 2023. november 11. 8-t\u00f3l gy\u00fclekez\u0151, 9:00-13:00 program.<\/span><br \/>\n<span class=\"fabric-text-color-mark\" data-renderer-mark=\"true\" data-text-custom-color=\"#172b4d\">Helysz\u00edn: Ferences Gimn\u00e1zium<\/span><\/p>\n","protected":false},"excerpt":{"rendered":"<p>Tisztelt Sz\u00fcl\u0151k! Ez\u00faton tisztelettel megh\u00edvjuk a Ferences Gimn\u00e1zium ir\u00e1nt \u00e9rdekl\u0151d\u0151 Di\u00e1kokat \u00e9s Sz\u00fcl\u0151ket a ny\u00edlt napunkra, melyre el\u0151zetes regisztr\u00e1ci\u00f3 sz\u00fcks\u00e9ges! [&hellip;]<\/p>\n","protected":false},"author":2,"featured_media":0,"comment_status":"closed","ping_status":"open","sticky":false,"template":"","format":"standard","meta":{"ngg_post_thumbnail":0,"footnotes":""},"categories":[1],"tags":[],"class_list":["post-3582","post","type-post","status-publish","format-standard","hentry","category-egyeb"],"_links":{"self":[{"href":"https:\/\/ferencesgimnazium.hu\/index.php\/wp-json\/wp\/v2\/posts\/3582","targetHints":{"allow":["GET"]}}],"collection":[{"href":"https:\/\/ferencesgimnazium.hu\/index.php\/wp-json\/wp\/v2\/posts"}],"about":[{"href":"https:\/\/ferencesgimnazium.hu\/index.php\/wp-json\/wp\/v2\/types\/post"}],"author":[{"embeddable":true,"href":"https:\/\/ferencesgimnazium.hu\/index.php\/wp-json\/wp\/v2\/users\/2"}],"replies":[{"embeddable":true,"href":"https:\/\/ferencesgimnazium.hu\/index.php\/wp-json\/wp\/v2\/comments?post=3582"}],"version-history":[{"count":1,"href":"https:\/\/ferencesgimnazium.hu\/index.php\/wp-json\/wp\/v2\/posts\/3582\/revisions"}],"predecessor-version":[{"id":3583,"href":"https:\/\/ferencesgimnazium.hu\/index.php\/wp-json\/wp\/v2\/posts\/3582\/revisions\/3583"}],"wp:attachment":[{"href":"https:\/\/ferencesgimnazium.hu\/index.php\/wp-json\/wp\/v2\/media?parent=3582"}],"wp:term":[{"taxonomy":"category","embeddable":true,"href":"https:\/\/ferencesgimnazium.hu\/index.php\/wp-json\/wp\/v2\/categories?post=3582"},{"taxonomy":"post_tag","embeddable":true,"href":"https:\/\/ferencesgimnazium.hu\/index.php\/wp-json\/wp\/v2\/tags?post=3582"}],"curies":[{"name":"wp","href":"https:\/\/api.w.org\/{rel}","templated":true}]}}