{"id":3505,"date":"2023-06-29T15:36:00","date_gmt":"2023-06-29T13:36:00","guid":{"rendered":"https:\/\/ferencesgimnazium.hu\/?p=3505"},"modified":"2023-08-02T10:37:46","modified_gmt":"2023-08-02T08:37:46","slug":"nyari-ugyeleti-rend-3","status":"publish","type":"post","link":"https:\/\/ferencesgimnazium.hu\/index.php\/nyari-ugyeleti-rend-3\/","title":{"rendered":"Ny\u00e1ri \u00fcgyeleti rend"},"content":{"rendered":"<p>J\u00falius 5-\u00e9n 8-12-ig \u00fcgyel: Horv\u00e1th Istv\u00e1n.<br \/>\nAugusztus 11-\u00e9n 8-12-ig \u00fcgyel: Fr. B\u00e9cser R\u00f3bert.<\/p>\n<p><img loading=\"lazy\" decoding=\"async\" class=\"aligncenter\" src=\"https:\/\/gyerekversek.hu\/wp-content\/uploads\/2021\/06\/vakacio.jpg\" alt=\"Mentovics \u00c9va: Vak\u00e1ci\u00f3 - gyerekversek.hu\" width=\"1181\" height=\"640\"><\/p>\n","protected":false},"excerpt":{"rendered":"<p>J\u00falius 5-\u00e9n 8-12-ig \u00fcgyel: Horv\u00e1th Istv\u00e1n. Augusztus 11-\u00e9n 8-12-ig \u00fcgyel: Fr. B\u00e9cser R\u00f3bert.<\/p>\n","protected":false},"author":2,"featured_media":0,"comment_status":"closed","ping_status":"open","sticky":false,"template":"","format":"standard","meta":{"ngg_post_thumbnail":0,"footnotes":""},"categories":[8],"tags":[],"class_list":["post-3505","post","type-post","status-publish","format-standard","hentry","category-hirek"],"_links":{"self":[{"href":"https:\/\/ferencesgimnazium.hu\/index.php\/wp-json\/wp\/v2\/posts\/3505","targetHints":{"allow":["GET"]}}],"collection":[{"href":"https:\/\/ferencesgimnazium.hu\/index.php\/wp-json\/wp\/v2\/posts"}],"about":[{"href":"https:\/\/ferencesgimnazium.hu\/index.php\/wp-json\/wp\/v2\/types\/post"}],"author":[{"embeddable":true,"href":"https:\/\/ferencesgimnazium.hu\/index.php\/wp-json\/wp\/v2\/users\/2"}],"replies":[{"embeddable":true,"href":"https:\/\/ferencesgimnazium.hu\/index.php\/wp-json\/wp\/v2\/comments?post=3505"}],"version-history":[{"count":2,"href":"https:\/\/ferencesgimnazium.hu\/index.php\/wp-json\/wp\/v2\/posts\/3505\/revisions"}],"predecessor-version":[{"id":3511,"href":"https:\/\/ferencesgimnazium.hu\/index.php\/wp-json\/wp\/v2\/posts\/3505\/revisions\/3511"}],"wp:attachment":[{"href":"https:\/\/ferencesgimnazium.hu\/index.php\/wp-json\/wp\/v2\/media?parent=3505"}],"wp:term":[{"taxonomy":"category","embeddable":true,"href":"https:\/\/ferencesgimnazium.hu\/index.php\/wp-json\/wp\/v2\/categories?post=3505"},{"taxonomy":"post_tag","embeddable":true,"href":"https:\/\/ferencesgimnazium.hu\/index.php\/wp-json\/wp\/v2\/tags?post=3505"}],"curies":[{"name":"wp","href":"https:\/\/api.w.org\/{rel}","templated":true}]}}