{"id":3498,"date":"2023-06-14T23:54:16","date_gmt":"2023-06-14T21:54:16","guid":{"rendered":"https:\/\/ferencesgimnazium.hu\/?p=3498"},"modified":"2023-06-14T23:54:30","modified_gmt":"2023-06-14T21:54:30","slug":"iskolaujsag-2023-nyar","status":"publish","type":"post","link":"https:\/\/ferencesgimnazium.hu\/index.php\/iskolaujsag-2023-nyar\/","title":{"rendered":"Iskola\u00fajs\u00e1g &#8211; 2023. ny\u00e1r"},"content":{"rendered":"<p>Kedves Bar\u00e1taink!<\/p>\n<p>Szeretettel osztjuk meg Veletek <a href=\"https:\/\/ferencesgimnazium.hu\/wp-content\/uploads\/2023\/06\/ferovat_2023_junius.pdf\" target=\"_blank\" rel=\"noopener noreferrer\">iskola\u00fajs\u00e1gunk ny\u00e1ri sz\u00e1m\u00e1t.<\/a><\/p>\n<p><a href=\"https:\/\/ferencesgimnazium.hu\/wp-content\/uploads\/2023\/06\/ferovat_2023_junius.pdf\"><img loading=\"lazy\" decoding=\"async\" class=\"aligncenter wp-image-3500 size-full\" src=\"https:\/\/ferencesgimnazium.hu\/wp-content\/uploads\/2023\/06\/ujsag.png\" alt=\"\" width=\"849\" height=\"618\" srcset=\"https:\/\/ferencesgimnazium.hu\/wp-content\/uploads\/2023\/06\/ujsag.png 849w, https:\/\/ferencesgimnazium.hu\/wp-content\/uploads\/2023\/06\/ujsag-300x218.png 300w, https:\/\/ferencesgimnazium.hu\/wp-content\/uploads\/2023\/06\/ujsag-768x559.png 768w, https:\/\/ferencesgimnazium.hu\/wp-content\/uploads\/2023\/06\/ujsag-830x604.png 830w, https:\/\/ferencesgimnazium.hu\/wp-content\/uploads\/2023\/06\/ujsag-550x400.png 550w, https:\/\/ferencesgimnazium.hu\/wp-content\/uploads\/2023\/06\/ujsag-230x167.png 230w, https:\/\/ferencesgimnazium.hu\/wp-content\/uploads\/2023\/06\/ujsag-350x255.png 350w, https:\/\/ferencesgimnazium.hu\/wp-content\/uploads\/2023\/06\/ujsag-480x349.png 480w\" sizes=\"auto, (max-width: 849px) 100vw, 849px\" \/><\/a><\/p>\n","protected":false},"excerpt":{"rendered":"<p>Kedves Bar\u00e1taink! Szeretettel osztjuk meg Veletek iskola\u00fajs\u00e1gunk ny\u00e1ri sz\u00e1m\u00e1t.<\/p>\n","protected":false},"author":2,"featured_media":0,"comment_status":"closed","ping_status":"open","sticky":false,"template":"","format":"standard","meta":{"ngg_post_thumbnail":0,"footnotes":""},"categories":[8],"tags":[],"class_list":["post-3498","post","type-post","status-publish","format-standard","hentry","category-hirek"],"_links":{"self":[{"href":"https:\/\/ferencesgimnazium.hu\/index.php\/wp-json\/wp\/v2\/posts\/3498","targetHints":{"allow":["GET"]}}],"collection":[{"href":"https:\/\/ferencesgimnazium.hu\/index.php\/wp-json\/wp\/v2\/posts"}],"about":[{"href":"https:\/\/ferencesgimnazium.hu\/index.php\/wp-json\/wp\/v2\/types\/post"}],"author":[{"embeddable":true,"href":"https:\/\/ferencesgimnazium.hu\/index.php\/wp-json\/wp\/v2\/users\/2"}],"replies":[{"embeddable":true,"href":"https:\/\/ferencesgimnazium.hu\/index.php\/wp-json\/wp\/v2\/comments?post=3498"}],"version-history":[{"count":1,"href":"https:\/\/ferencesgimnazium.hu\/index.php\/wp-json\/wp\/v2\/posts\/3498\/revisions"}],"predecessor-version":[{"id":3501,"href":"https:\/\/ferencesgimnazium.hu\/index.php\/wp-json\/wp\/v2\/posts\/3498\/revisions\/3501"}],"wp:attachment":[{"href":"https:\/\/ferencesgimnazium.hu\/index.php\/wp-json\/wp\/v2\/media?parent=3498"}],"wp:term":[{"taxonomy":"category","embeddable":true,"href":"https:\/\/ferencesgimnazium.hu\/index.php\/wp-json\/wp\/v2\/categories?post=3498"},{"taxonomy":"post_tag","embeddable":true,"href":"https:\/\/ferencesgimnazium.hu\/index.php\/wp-json\/wp\/v2\/tags?post=3498"}],"curies":[{"name":"wp","href":"https:\/\/api.w.org\/{rel}","templated":true}]}}