{"id":3459,"date":"2023-05-24T09:28:53","date_gmt":"2023-05-24T07:28:53","guid":{"rendered":"https:\/\/ferencesgimnazium.hu\/?p=3459"},"modified":"2023-05-23T19:30:55","modified_gmt":"2023-05-23T17:30:55","slug":"horvath-varga-marton-orszagos-matematikai-verseny-eredmeny","status":"publish","type":"post","link":"https:\/\/ferencesgimnazium.hu\/index.php\/horvath-varga-marton-orszagos-matematikai-verseny-eredmeny\/","title":{"rendered":"Horv\u00e1th-Varga M\u00e1rton orsz\u00e1gos matematikai verseny eredm\u00e9ny"},"content":{"rendered":"<div>Horv\u00e1th-Varga M\u00e1rton 10.c-s tanul\u00f3 az orsz\u00e1gos matematika versenyeken id\u00e9n is kiemelked\u0151en szerepelt:<\/div>\n<div>A Zr\u00ednyi Ilona Matematika Matematika Verseny megyei fordul\u00f3j\u00e1nak 2 helyezettje volt,&nbsp; a Katolikus K\u00f6z\u00e9piskol\u00e1k Matematika Verseny\u00e9n orsz\u00e1gos 3. helyez\u00e9st szerzett,&nbsp; \u00e9s koroszt\u00e1ly\u00e1nak legrangosabb megm\u00e9rettet\u00e9s\u00e9n, az Arany D\u00e1niel Matematika Versenyen orsz\u00e1gos 5-6. helyen v\u00e9gzett.<\/div>\n<div><strong>Gratul\u00e1lunk Neki!<\/strong><\/div>\n<div><a href=\"https:\/\/ferencesgimnazium.hu\/wp-content\/uploads\/2022\/09\/20220609_104951-scaled.jpg\"><img loading=\"lazy\" decoding=\"async\" class=\"aligncenter wp-image-3271 size-medium\" src=\"https:\/\/ferencesgimnazium.hu\/wp-content\/uploads\/2022\/09\/20220609_104951-225x300.jpg\" alt=\"\" width=\"225\" height=\"300\" srcset=\"https:\/\/ferencesgimnazium.hu\/wp-content\/uploads\/2022\/09\/20220609_104951-225x300.jpg 225w, https:\/\/ferencesgimnazium.hu\/wp-content\/uploads\/2022\/09\/20220609_104951-768x1024.jpg 768w, https:\/\/ferencesgimnazium.hu\/wp-content\/uploads\/2022\/09\/20220609_104951-1152x1536.jpg 1152w, https:\/\/ferencesgimnazium.hu\/wp-content\/uploads\/2022\/09\/20220609_104951-1536x2048.jpg 1536w, https:\/\/ferencesgimnazium.hu\/wp-content\/uploads\/2022\/09\/20220609_104951-830x1107.jpg 830w, https:\/\/ferencesgimnazium.hu\/wp-content\/uploads\/2022\/09\/20220609_104951-230x307.jpg 230w, https:\/\/ferencesgimnazium.hu\/wp-content\/uploads\/2022\/09\/20220609_104951-350x467.jpg 350w, https:\/\/ferencesgimnazium.hu\/wp-content\/uploads\/2022\/09\/20220609_104951-480x640.jpg 480w, https:\/\/ferencesgimnazium.hu\/wp-content\/uploads\/2022\/09\/20220609_104951-scaled.jpg 1920w\" sizes=\"auto, (max-width: 225px) 100vw, 225px\" \/><\/a><\/div>\n","protected":false},"excerpt":{"rendered":"<p>Horv\u00e1th-Varga M\u00e1rton 10.c-s tanul\u00f3 az orsz\u00e1gos matematika versenyeken id\u00e9n is kiemelked\u0151en szerepelt: A Zr\u00ednyi Ilona Matematika Matematika Verseny megyei fordul\u00f3j\u00e1nak [&hellip;]<\/p>\n","protected":false},"author":2,"featured_media":0,"comment_status":"closed","ping_status":"open","sticky":false,"template":"","format":"standard","meta":{"ngg_post_thumbnail":0,"footnotes":""},"categories":[11],"tags":[],"class_list":["post-3459","post","type-post","status-publish","format-standard","hentry","category-buszkesegeink"],"_links":{"self":[{"href":"https:\/\/ferencesgimnazium.hu\/index.php\/wp-json\/wp\/v2\/posts\/3459","targetHints":{"allow":["GET"]}}],"collection":[{"href":"https:\/\/ferencesgimnazium.hu\/index.php\/wp-json\/wp\/v2\/posts"}],"about":[{"href":"https:\/\/ferencesgimnazium.hu\/index.php\/wp-json\/wp\/v2\/types\/post"}],"author":[{"embeddable":true,"href":"https:\/\/ferencesgimnazium.hu\/index.php\/wp-json\/wp\/v2\/users\/2"}],"replies":[{"embeddable":true,"href":"https:\/\/ferencesgimnazium.hu\/index.php\/wp-json\/wp\/v2\/comments?post=3459"}],"version-history":[{"count":2,"href":"https:\/\/ferencesgimnazium.hu\/index.php\/wp-json\/wp\/v2\/posts\/3459\/revisions"}],"predecessor-version":[{"id":3461,"href":"https:\/\/ferencesgimnazium.hu\/index.php\/wp-json\/wp\/v2\/posts\/3459\/revisions\/3461"}],"wp:attachment":[{"href":"https:\/\/ferencesgimnazium.hu\/index.php\/wp-json\/wp\/v2\/media?parent=3459"}],"wp:term":[{"taxonomy":"category","embeddable":true,"href":"https:\/\/ferencesgimnazium.hu\/index.php\/wp-json\/wp\/v2\/categories?post=3459"},{"taxonomy":"post_tag","embeddable":true,"href":"https:\/\/ferencesgimnazium.hu\/index.php\/wp-json\/wp\/v2\/tags?post=3459"}],"curies":[{"name":"wp","href":"https:\/\/api.w.org\/{rel}","templated":true}]}}