{"id":3407,"date":"2023-04-25T17:14:56","date_gmt":"2023-04-25T15:14:56","guid":{"rendered":"https:\/\/ferencesgimnazium.hu\/?p=3407"},"modified":"2023-04-25T17:15:15","modified_gmt":"2023-04-25T15:15:15","slug":"virtualis-seta","status":"publish","type":"post","link":"https:\/\/ferencesgimnazium.hu\/index.php\/virtualis-seta\/","title":{"rendered":"Virtu\u00e1lis s\u00e9ta"},"content":{"rendered":"<p>H\u00e1la \u00e9s k\u00f6sz\u00f6net Nagy Zolt\u00e1n sz\u00fcl\u0151nek (<a href=\"https:\/\/padlasfoto.hu\" target=\"_blank\" rel=\"noopener noreferrer\">Padl\u00e1s fot\u00f3m\u0171hely<\/a>), hogy elk\u00e9sz\u00edtette iskol\u00e1nk virtu\u00e1lis <a href=\"https:\/\/setafg.ferencesek.hu\/\">s\u00e9tat\u00e9rk\u00e9pet<\/a>.<\/p>\n<p>J\u00f3 barangol\u00e1st k\u00edv\u00e1nunk!<\/p>\n<p><a href=\"https:\/\/setafg.ferencesek.hu\/\">VIRTU\u00c1LIS S\u00c9TA<\/a><\/p>\n","protected":false},"excerpt":{"rendered":"<p>H\u00e1la \u00e9s k\u00f6sz\u00f6net Nagy Zolt\u00e1n sz\u00fcl\u0151nek (Padl\u00e1s fot\u00f3m\u0171hely), hogy elk\u00e9sz\u00edtette iskol\u00e1nk virtu\u00e1lis s\u00e9tat\u00e9rk\u00e9pet. J\u00f3 barangol\u00e1st k\u00edv\u00e1nunk! VIRTU\u00c1LIS S\u00c9TA<\/p>\n","protected":false},"author":2,"featured_media":0,"comment_status":"closed","ping_status":"open","sticky":false,"template":"","format":"standard","meta":{"ngg_post_thumbnail":0,"footnotes":""},"categories":[8],"tags":[],"class_list":["post-3407","post","type-post","status-publish","format-standard","hentry","category-hirek"],"_links":{"self":[{"href":"https:\/\/ferencesgimnazium.hu\/index.php\/wp-json\/wp\/v2\/posts\/3407","targetHints":{"allow":["GET"]}}],"collection":[{"href":"https:\/\/ferencesgimnazium.hu\/index.php\/wp-json\/wp\/v2\/posts"}],"about":[{"href":"https:\/\/ferencesgimnazium.hu\/index.php\/wp-json\/wp\/v2\/types\/post"}],"author":[{"embeddable":true,"href":"https:\/\/ferencesgimnazium.hu\/index.php\/wp-json\/wp\/v2\/users\/2"}],"replies":[{"embeddable":true,"href":"https:\/\/ferencesgimnazium.hu\/index.php\/wp-json\/wp\/v2\/comments?post=3407"}],"version-history":[{"count":1,"href":"https:\/\/ferencesgimnazium.hu\/index.php\/wp-json\/wp\/v2\/posts\/3407\/revisions"}],"predecessor-version":[{"id":3408,"href":"https:\/\/ferencesgimnazium.hu\/index.php\/wp-json\/wp\/v2\/posts\/3407\/revisions\/3408"}],"wp:attachment":[{"href":"https:\/\/ferencesgimnazium.hu\/index.php\/wp-json\/wp\/v2\/media?parent=3407"}],"wp:term":[{"taxonomy":"category","embeddable":true,"href":"https:\/\/ferencesgimnazium.hu\/index.php\/wp-json\/wp\/v2\/categories?post=3407"},{"taxonomy":"post_tag","embeddable":true,"href":"https:\/\/ferencesgimnazium.hu\/index.php\/wp-json\/wp\/v2\/tags?post=3407"}],"curies":[{"name":"wp","href":"https:\/\/api.w.org\/{rel}","templated":true}]}}