{"id":3394,"date":"2023-04-20T23:49:50","date_gmt":"2023-04-20T21:49:50","guid":{"rendered":"https:\/\/ferencesgimnazium.hu\/?p=3394"},"modified":"2023-04-20T23:49:50","modified_gmt":"2023-04-20T21:49:50","slug":"kiemelkedo-ferences-eredmeny-az-ecl-orszagos-nyelvi-verseny-dontojeben","status":"publish","type":"post","link":"https:\/\/ferencesgimnazium.hu\/index.php\/kiemelkedo-ferences-eredmeny-az-ecl-orszagos-nyelvi-verseny-dontojeben\/","title":{"rendered":"Kiemelked\u0151 ferences eredm\u00e9ny az ECL Orsz\u00e1gos Nyelvi Verseny d\u00f6nt\u0151j\u00e9ben"},"content":{"rendered":"<div>Az id\u00e9n huszadik alkalommal rendezt\u00e9k meg az&nbsp;<b>ECL Orsz\u00e1gos Nyelvi Versenyt,<\/b>&nbsp;melynek sz\u00f3beli d\u00f6nt\u0151j\u00e9t \u00e1prilis 19-\u00e9n a P\u00e9csi Tudom\u00e1nyegyetem Idegen Nyelvi K\u00f6zpontj\u00e1ban tartott\u00e1k.&nbsp;&nbsp;A versenyen 355 di\u00e1k vett r\u00e9szt. Az \u00edr\u00e1sbeli \u00e9s sz\u00f3beli fordul\u00f3ban szerzett \u00f6sszpontsz\u00e1m alapj\u00e1n h\u00e1rom 9.a oszt\u00e1lyos tanul\u00f3nk is kiemelked\u0151en teljes\u00edtett.<\/div>\n<div>&nbsp;<\/div>\n<div><b>Orb\u00e1n Krist\u00f3f<\/b>&nbsp;angol nyelvb\u0151l&nbsp;<b>C1-es szinten orsz\u00e1gos 1. helyez\u00e9st<\/b>&nbsp;\u00e9rt el.<\/div>\n<div><b>P\u00e1l D\u00f3ra&nbsp;<\/b>angol nyelvb\u0151l&nbsp;<b>B2-es szinten orsz\u00e1gos 3. helyez\u00e9st<\/b>&nbsp;\u00e9rt el.<\/div>\n<div><b>Garamv\u00f6lgyi Krist\u00f3f<\/b>&nbsp;angol nyelvb\u0151l&nbsp;<b>B2-es szinten orsz\u00e1gos 8. helyezett<\/b>.<\/div>\n<div>&nbsp;<\/div>\n<div>\u00c9rdemes megjegyezni, hogy \u0151k h\u00e1rman voltak a d\u00f6nt\u0151 legfiatalabb versenyz\u0151i.<\/div>\n<div>Eredm\u00e9ny\u00fck az eddigi legrangosabb ferences siker angol nyelvb\u0151l.<\/div>\n<div>&nbsp;<\/div>\n<div>Felk\u00e9sz\u00edt\u0151 tan\u00e1ruk: Kosikn\u00e9 Kett\u0151s Marianna<\/div>\n<div>&nbsp;<\/div>\n<div>Gratul\u00e1lunk a fantasztikus eredm\u00e9nyhez!&nbsp;<\/div>\n<div>&nbsp;<\/div>\n<div><a href=\"https:\/\/ferencesgimnazium.hu\/wp-content\/uploads\/2023\/04\/ECL-Orsz\u00e1gos-Nyelvi-Verseny-D\u00f6nt\u0151-scaled.jpg\"><img loading=\"lazy\" decoding=\"async\" class=\"aligncenter wp-image-3395 size-large\" src=\"https:\/\/ferencesgimnazium.hu\/wp-content\/uploads\/2023\/04\/ECL-Orsz\u00e1gos-Nyelvi-Verseny-D\u00f6nt\u0151-1024x768.jpg\" alt=\"\" width=\"1024\" height=\"768\" srcset=\"https:\/\/ferencesgimnazium.hu\/wp-content\/uploads\/2023\/04\/ECL-Orsz\u00e1gos-Nyelvi-Verseny-D\u00f6nt\u0151-1024x768.jpg 1024w, https:\/\/ferencesgimnazium.hu\/wp-content\/uploads\/2023\/04\/ECL-Orsz\u00e1gos-Nyelvi-Verseny-D\u00f6nt\u0151-300x225.jpg 300w, https:\/\/ferencesgimnazium.hu\/wp-content\/uploads\/2023\/04\/ECL-Orsz\u00e1gos-Nyelvi-Verseny-D\u00f6nt\u0151-768x576.jpg 768w, https:\/\/ferencesgimnazium.hu\/wp-content\/uploads\/2023\/04\/ECL-Orsz\u00e1gos-Nyelvi-Verseny-D\u00f6nt\u0151-1536x1152.jpg 1536w, https:\/\/ferencesgimnazium.hu\/wp-content\/uploads\/2023\/04\/ECL-Orsz\u00e1gos-Nyelvi-Verseny-D\u00f6nt\u0151-2048x1536.jpg 2048w, https:\/\/ferencesgimnazium.hu\/wp-content\/uploads\/2023\/04\/ECL-Orsz\u00e1gos-Nyelvi-Verseny-D\u00f6nt\u0151-830x623.jpg 830w, https:\/\/ferencesgimnazium.hu\/wp-content\/uploads\/2023\/04\/ECL-Orsz\u00e1gos-Nyelvi-Verseny-D\u00f6nt\u0151-230x173.jpg 230w, https:\/\/ferencesgimnazium.hu\/wp-content\/uploads\/2023\/04\/ECL-Orsz\u00e1gos-Nyelvi-Verseny-D\u00f6nt\u0151-350x263.jpg 350w, https:\/\/ferencesgimnazium.hu\/wp-content\/uploads\/2023\/04\/ECL-Orsz\u00e1gos-Nyelvi-Verseny-D\u00f6nt\u0151-480x360.jpg 480w\" sizes=\"auto, (max-width: 1024px) 100vw, 1024px\" \/><\/a><\/div>\n","protected":false},"excerpt":{"rendered":"<p>Az id\u00e9n huszadik alkalommal rendezt\u00e9k meg az&nbsp;ECL Orsz\u00e1gos Nyelvi Versenyt,&nbsp;melynek sz\u00f3beli d\u00f6nt\u0151j\u00e9t \u00e1prilis 19-\u00e9n a P\u00e9csi Tudom\u00e1nyegyetem Idegen Nyelvi K\u00f6zpontj\u00e1ban [&hellip;]<\/p>\n","protected":false},"author":2,"featured_media":0,"comment_status":"closed","ping_status":"open","sticky":false,"template":"","format":"standard","meta":{"ngg_post_thumbnail":0,"footnotes":""},"categories":[11,8],"tags":[],"class_list":["post-3394","post","type-post","status-publish","format-standard","hentry","category-buszkesegeink","category-hirek"],"_links":{"self":[{"href":"https:\/\/ferencesgimnazium.hu\/index.php\/wp-json\/wp\/v2\/posts\/3394","targetHints":{"allow":["GET"]}}],"collection":[{"href":"https:\/\/ferencesgimnazium.hu\/index.php\/wp-json\/wp\/v2\/posts"}],"about":[{"href":"https:\/\/ferencesgimnazium.hu\/index.php\/wp-json\/wp\/v2\/types\/post"}],"author":[{"embeddable":true,"href":"https:\/\/ferencesgimnazium.hu\/index.php\/wp-json\/wp\/v2\/users\/2"}],"replies":[{"embeddable":true,"href":"https:\/\/ferencesgimnazium.hu\/index.php\/wp-json\/wp\/v2\/comments?post=3394"}],"version-history":[{"count":1,"href":"https:\/\/ferencesgimnazium.hu\/index.php\/wp-json\/wp\/v2\/posts\/3394\/revisions"}],"predecessor-version":[{"id":3396,"href":"https:\/\/ferencesgimnazium.hu\/index.php\/wp-json\/wp\/v2\/posts\/3394\/revisions\/3396"}],"wp:attachment":[{"href":"https:\/\/ferencesgimnazium.hu\/index.php\/wp-json\/wp\/v2\/media?parent=3394"}],"wp:term":[{"taxonomy":"category","embeddable":true,"href":"https:\/\/ferencesgimnazium.hu\/index.php\/wp-json\/wp\/v2\/categories?post=3394"},{"taxonomy":"post_tag","embeddable":true,"href":"https:\/\/ferencesgimnazium.hu\/index.php\/wp-json\/wp\/v2\/tags?post=3394"}],"curies":[{"name":"wp","href":"https:\/\/api.w.org\/{rel}","templated":true}]}}