{"id":3296,"date":"2022-10-04T20:14:12","date_gmt":"2022-10-04T18:14:12","guid":{"rendered":"https:\/\/ferencesgimnazium.hu\/?p=3296"},"modified":"2022-10-04T20:14:12","modified_gmt":"2022-10-04T18:14:12","slug":"regisztacio-a-nyilt-napra","status":"publish","type":"post","link":"https:\/\/ferencesgimnazium.hu\/index.php\/regisztacio-a-nyilt-napra\/","title":{"rendered":"Regiszt\u00e1ci\u00f3 a ny\u00edlt napra"},"content":{"rendered":"<p>Kedves Sz\u00fcl\u0151k! Kedves leend\u0151 Di\u00e1kjaink!<\/p>\n<p>K\u00e9rj\u00fck regisztr\u00e1ljon el\u0151re sikol\u00e1nk november 12-i ny\u00edlt napj\u00e1ra az al\u00e1bbi <a href=\"https:\/\/docs.google.com\/forms\/d\/e\/1FAIpQLScqMneNo-bwbslN1EnPNAcOLl1a75tiq3u_ER2QeBAPODkaYA\/viewform\" target=\"_blank\" rel=\"noopener noreferrer\"><strong><span style=\"color: #ff0000;\">linken.<\/span><\/strong><\/a><\/p>\n<p>Minden \u00e9rdekl\u0151d\u0151t v\u00e1runk szeretettel!<\/p>\n","protected":false},"excerpt":{"rendered":"<p>Kedves Sz\u00fcl\u0151k! Kedves leend\u0151 Di\u00e1kjaink! K\u00e9rj\u00fck regisztr\u00e1ljon el\u0151re sikol\u00e1nk november 12-i ny\u00edlt napj\u00e1ra az al\u00e1bbi linken. Minden \u00e9rdekl\u0151d\u0151t v\u00e1runk szeretettel!<\/p>\n","protected":false},"author":2,"featured_media":0,"comment_status":"closed","ping_status":"open","sticky":false,"template":"","format":"standard","meta":{"ngg_post_thumbnail":0,"footnotes":""},"categories":[1],"tags":[],"class_list":["post-3296","post","type-post","status-publish","format-standard","hentry","category-egyeb"],"_links":{"self":[{"href":"https:\/\/ferencesgimnazium.hu\/index.php\/wp-json\/wp\/v2\/posts\/3296","targetHints":{"allow":["GET"]}}],"collection":[{"href":"https:\/\/ferencesgimnazium.hu\/index.php\/wp-json\/wp\/v2\/posts"}],"about":[{"href":"https:\/\/ferencesgimnazium.hu\/index.php\/wp-json\/wp\/v2\/types\/post"}],"author":[{"embeddable":true,"href":"https:\/\/ferencesgimnazium.hu\/index.php\/wp-json\/wp\/v2\/users\/2"}],"replies":[{"embeddable":true,"href":"https:\/\/ferencesgimnazium.hu\/index.php\/wp-json\/wp\/v2\/comments?post=3296"}],"version-history":[{"count":1,"href":"https:\/\/ferencesgimnazium.hu\/index.php\/wp-json\/wp\/v2\/posts\/3296\/revisions"}],"predecessor-version":[{"id":3297,"href":"https:\/\/ferencesgimnazium.hu\/index.php\/wp-json\/wp\/v2\/posts\/3296\/revisions\/3297"}],"wp:attachment":[{"href":"https:\/\/ferencesgimnazium.hu\/index.php\/wp-json\/wp\/v2\/media?parent=3296"}],"wp:term":[{"taxonomy":"category","embeddable":true,"href":"https:\/\/ferencesgimnazium.hu\/index.php\/wp-json\/wp\/v2\/categories?post=3296"},{"taxonomy":"post_tag","embeddable":true,"href":"https:\/\/ferencesgimnazium.hu\/index.php\/wp-json\/wp\/v2\/tags?post=3296"}],"curies":[{"name":"wp","href":"https:\/\/api.w.org\/{rel}","templated":true}]}}