{"id":3267,"date":"2022-09-09T15:54:45","date_gmt":"2022-09-09T13:54:45","guid":{"rendered":"https:\/\/ferencesgimnazium.hu\/?p=3267"},"modified":"2022-09-10T15:57:36","modified_gmt":"2022-09-10T13:57:36","slug":"felveteli-elokeszito-3","status":"publish","type":"post","link":"https:\/\/ferencesgimnazium.hu\/index.php\/felveteli-elokeszito-3\/","title":{"rendered":"Felv\u00e9teli el\u0151k\u00e9sz\u00edt\u0151"},"content":{"rendered":"<p>Kedves Sz\u00fcl\u0151k!<\/p>\n<p>Iskol\u00e1nk id\u00e9n is tart felv\u00e9teli el\u0151k\u00e9sz\u00edt\u0151t, melyre az al\u00e1bbi <a href=\"https:\/\/docs.google.com\/forms\/d\/e\/1FAIpQLSew5FipzjgIm6S28ZUjKm8I29HwFD3Y1a9tTyd7fUW53M2XMQ\/viewform\" target=\"_blank\" rel=\"noopener noreferrer\">linken<\/a> lehet jelentkezni.<\/p>\n<p>Az al\u00e1bbi id\u0151pontokban lesznek az alkalmak:<\/p>\n<p>szerd\u00e1nk\u00e9nt, 16:00-17:00<\/p>\n<p>okt\u00f3ber 5. magyar<br \/>\nokt\u00f3ber 12. matematika<br \/>\nokt\u00f3ber 19. magyar<br \/>\nnovember 9. matematika<br \/>\nnovember 16. magyar<br \/>\nnovember 23. matematika.<\/p>\n<p>&nbsp;<\/p>\n<p>Ny\u00edlt nap: november 12. d\u00e9lel\u0151tt.<\/p>\n","protected":false},"excerpt":{"rendered":"<p>Kedves Sz\u00fcl\u0151k! Iskol\u00e1nk id\u00e9n is tart felv\u00e9teli el\u0151k\u00e9sz\u00edt\u0151t, melyre az al\u00e1bbi linken lehet jelentkezni. Az al\u00e1bbi id\u0151pontokban lesznek az alkalmak: [&hellip;]<\/p>\n","protected":false},"author":2,"featured_media":0,"comment_status":"closed","ping_status":"open","sticky":false,"template":"","format":"standard","meta":{"ngg_post_thumbnail":0,"footnotes":""},"categories":[8],"tags":[],"class_list":["post-3267","post","type-post","status-publish","format-standard","hentry","category-hirek"],"_links":{"self":[{"href":"https:\/\/ferencesgimnazium.hu\/index.php\/wp-json\/wp\/v2\/posts\/3267","targetHints":{"allow":["GET"]}}],"collection":[{"href":"https:\/\/ferencesgimnazium.hu\/index.php\/wp-json\/wp\/v2\/posts"}],"about":[{"href":"https:\/\/ferencesgimnazium.hu\/index.php\/wp-json\/wp\/v2\/types\/post"}],"author":[{"embeddable":true,"href":"https:\/\/ferencesgimnazium.hu\/index.php\/wp-json\/wp\/v2\/users\/2"}],"replies":[{"embeddable":true,"href":"https:\/\/ferencesgimnazium.hu\/index.php\/wp-json\/wp\/v2\/comments?post=3267"}],"version-history":[{"count":2,"href":"https:\/\/ferencesgimnazium.hu\/index.php\/wp-json\/wp\/v2\/posts\/3267\/revisions"}],"predecessor-version":[{"id":3269,"href":"https:\/\/ferencesgimnazium.hu\/index.php\/wp-json\/wp\/v2\/posts\/3267\/revisions\/3269"}],"wp:attachment":[{"href":"https:\/\/ferencesgimnazium.hu\/index.php\/wp-json\/wp\/v2\/media?parent=3267"}],"wp:term":[{"taxonomy":"category","embeddable":true,"href":"https:\/\/ferencesgimnazium.hu\/index.php\/wp-json\/wp\/v2\/categories?post=3267"},{"taxonomy":"post_tag","embeddable":true,"href":"https:\/\/ferencesgimnazium.hu\/index.php\/wp-json\/wp\/v2\/tags?post=3267"}],"curies":[{"name":"wp","href":"https:\/\/api.w.org\/{rel}","templated":true}]}}