{"id":3228,"date":"2022-06-28T10:58:37","date_gmt":"2022-06-28T08:58:37","guid":{"rendered":"https:\/\/ferencesgimnazium.hu\/?p=3228"},"modified":"2022-06-28T10:58:52","modified_gmt":"2022-06-28T08:58:52","slug":"nyari-ugyeleti-rend-2","status":"publish","type":"post","link":"https:\/\/ferencesgimnazium.hu\/index.php\/nyari-ugyeleti-rend-2\/","title":{"rendered":"Ny\u00e1ri \u00fcgyeleti rend"},"content":{"rendered":"<p>J\u00falius 4-\u00e9n 8-12-ig \u00fcgyel: Neubrandt Istv\u00e1n<br \/>\nAugusztus 3-\u00e1n 8-12-ig \u00fcgyel: Horv\u00e1th Istv\u00e1n.<\/p>\n<p><img loading=\"lazy\" decoding=\"async\" class=\"aligncenter\" src=\"https:\/\/gyerekversek.hu\/wp-content\/uploads\/2021\/06\/vakacio.jpg\" alt=\"Mentovics \u00c9va: Vak\u00e1ci\u00f3 - gyerekversek.hu\" width=\"1181\" height=\"640\"><\/p>\n","protected":false},"excerpt":{"rendered":"<p>J\u00falius 4-\u00e9n 8-12-ig \u00fcgyel: Neubrandt Istv\u00e1n Augusztus 3-\u00e1n 8-12-ig \u00fcgyel: Horv\u00e1th Istv\u00e1n.<\/p>\n","protected":false},"author":2,"featured_media":0,"comment_status":"closed","ping_status":"open","sticky":false,"template":"","format":"standard","meta":{"ngg_post_thumbnail":0,"footnotes":""},"categories":[8],"tags":[],"class_list":["post-3228","post","type-post","status-publish","format-standard","hentry","category-hirek"],"_links":{"self":[{"href":"https:\/\/ferencesgimnazium.hu\/index.php\/wp-json\/wp\/v2\/posts\/3228","targetHints":{"allow":["GET"]}}],"collection":[{"href":"https:\/\/ferencesgimnazium.hu\/index.php\/wp-json\/wp\/v2\/posts"}],"about":[{"href":"https:\/\/ferencesgimnazium.hu\/index.php\/wp-json\/wp\/v2\/types\/post"}],"author":[{"embeddable":true,"href":"https:\/\/ferencesgimnazium.hu\/index.php\/wp-json\/wp\/v2\/users\/2"}],"replies":[{"embeddable":true,"href":"https:\/\/ferencesgimnazium.hu\/index.php\/wp-json\/wp\/v2\/comments?post=3228"}],"version-history":[{"count":3,"href":"https:\/\/ferencesgimnazium.hu\/index.php\/wp-json\/wp\/v2\/posts\/3228\/revisions"}],"predecessor-version":[{"id":3506,"href":"https:\/\/ferencesgimnazium.hu\/index.php\/wp-json\/wp\/v2\/posts\/3228\/revisions\/3506"}],"wp:attachment":[{"href":"https:\/\/ferencesgimnazium.hu\/index.php\/wp-json\/wp\/v2\/media?parent=3228"}],"wp:term":[{"taxonomy":"category","embeddable":true,"href":"https:\/\/ferencesgimnazium.hu\/index.php\/wp-json\/wp\/v2\/categories?post=3228"},{"taxonomy":"post_tag","embeddable":true,"href":"https:\/\/ferencesgimnazium.hu\/index.php\/wp-json\/wp\/v2\/tags?post=3228"}],"curies":[{"name":"wp","href":"https:\/\/api.w.org\/{rel}","templated":true}]}}