{"id":3220,"date":"2022-06-13T16:02:46","date_gmt":"2022-06-13T14:02:46","guid":{"rendered":"https:\/\/ferencesgimnazium.hu\/?p=3220"},"modified":"2022-06-13T16:03:25","modified_gmt":"2022-06-13T14:03:25","slug":"31-ifjusagi-tudomanyos-es-innovacios-verseny-dijatado","status":"publish","type":"post","link":"https:\/\/ferencesgimnazium.hu\/index.php\/31-ifjusagi-tudomanyos-es-innovacios-verseny-dijatado\/","title":{"rendered":"31. Ifj\u00fas\u00e1gi Tudom\u00e1nyos \u00e9s Innov\u00e1ci\u00f3s Verseny d\u00edj\u00e1tad\u00f3"},"content":{"rendered":"<p style=\"text-align: justify;\">L\u00e1szik Dorottya \u00e9s Vajdovich P\u00e9ter, iskol\u00e1nk 12.c oszt\u00e1lyos tanul\u00f3i a 31. Ifj\u00fas\u00e1gi Tudom\u00e1nyos \u00e9s Innov\u00e1ci\u00f3s Verseny orsz\u00e1gos d\u00f6nt\u0151j\u00e9ben a &#8222;kiemelten dics\u00e9retes&#8221; kateg\u00f3ri\u00e1ban v\u00e9geztek p\u00e1ly\u00e1zatukkal. Kutat\u00e1si projektj\u00fck sor\u00e1n a r\u00e1kos daganatok progn\u00f3zis\u00e1nak meg\u00e1llap\u00edt\u00e1s\u00e1t seg\u00edt\u0151 \u00faj elj\u00e1r\u00e1st dolgoztak ki, amely a j\u00f6v\u0151ben nagyban meggyors\u00edthatja az onkol\u00f3giai gy\u00f3gy\u00edt\u00f3 elj\u00e1r\u00e1sokat. Tudom\u00e1nyos munk\u00e1jukat a Ferences \u00d6szt\u00f6nd\u00edjprogram t\u00e1mogat\u00e1s\u00e1val v\u00e9gezt\u00e9k. <a href=\"https:\/\/ferencesgimnazium.hu\/wp-content\/uploads\/2022\/06\/Abstract-Laszik-Vajdovich-Szentendre-2022-Onkografika.pdf\">A projekt \u00f6sszefoglal\u00f3ja itt olvashat\u00f3.<\/a><\/p>\n<p><a href=\"https:\/\/ferencesgimnazium.hu\/wp-content\/uploads\/2022\/06\/IMG-2828-scaled.jpg\"><img loading=\"lazy\" decoding=\"async\" class=\"aligncenter wp-image-3223 size-large\" src=\"https:\/\/ferencesgimnazium.hu\/wp-content\/uploads\/2022\/06\/IMG-2828-768x1024.jpg\" alt=\"\" width=\"768\" height=\"1024\" srcset=\"https:\/\/ferencesgimnazium.hu\/wp-content\/uploads\/2022\/06\/IMG-2828-768x1024.jpg 768w, https:\/\/ferencesgimnazium.hu\/wp-content\/uploads\/2022\/06\/IMG-2828-225x300.jpg 225w, https:\/\/ferencesgimnazium.hu\/wp-content\/uploads\/2022\/06\/IMG-2828-1152x1536.jpg 1152w, https:\/\/ferencesgimnazium.hu\/wp-content\/uploads\/2022\/06\/IMG-2828-1536x2048.jpg 1536w, https:\/\/ferencesgimnazium.hu\/wp-content\/uploads\/2022\/06\/IMG-2828-830x1107.jpg 830w, https:\/\/ferencesgimnazium.hu\/wp-content\/uploads\/2022\/06\/IMG-2828-230x307.jpg 230w, https:\/\/ferencesgimnazium.hu\/wp-content\/uploads\/2022\/06\/IMG-2828-350x467.jpg 350w, https:\/\/ferencesgimnazium.hu\/wp-content\/uploads\/2022\/06\/IMG-2828-480x640.jpg 480w, https:\/\/ferencesgimnazium.hu\/wp-content\/uploads\/2022\/06\/IMG-2828-scaled.jpg 1920w\" sizes=\"auto, (max-width: 768px) 100vw, 768px\" \/><\/a><\/p>\n","protected":false},"excerpt":{"rendered":"<p>L\u00e1szik Dorottya \u00e9s Vajdovich P\u00e9ter, iskol\u00e1nk 12.c oszt\u00e1lyos tanul\u00f3i a 31. Ifj\u00fas\u00e1gi Tudom\u00e1nyos \u00e9s Innov\u00e1ci\u00f3s Verseny orsz\u00e1gos d\u00f6nt\u0151j\u00e9ben a &#8222;kiemelten [&hellip;]<\/p>\n","protected":false},"author":2,"featured_media":0,"comment_status":"closed","ping_status":"open","sticky":false,"template":"","format":"standard","meta":{"ngg_post_thumbnail":0,"footnotes":""},"categories":[11,8],"tags":[],"class_list":["post-3220","post","type-post","status-publish","format-standard","hentry","category-buszkesegeink","category-hirek"],"_links":{"self":[{"href":"https:\/\/ferencesgimnazium.hu\/index.php\/wp-json\/wp\/v2\/posts\/3220","targetHints":{"allow":["GET"]}}],"collection":[{"href":"https:\/\/ferencesgimnazium.hu\/index.php\/wp-json\/wp\/v2\/posts"}],"about":[{"href":"https:\/\/ferencesgimnazium.hu\/index.php\/wp-json\/wp\/v2\/types\/post"}],"author":[{"embeddable":true,"href":"https:\/\/ferencesgimnazium.hu\/index.php\/wp-json\/wp\/v2\/users\/2"}],"replies":[{"embeddable":true,"href":"https:\/\/ferencesgimnazium.hu\/index.php\/wp-json\/wp\/v2\/comments?post=3220"}],"version-history":[{"count":2,"href":"https:\/\/ferencesgimnazium.hu\/index.php\/wp-json\/wp\/v2\/posts\/3220\/revisions"}],"predecessor-version":[{"id":3225,"href":"https:\/\/ferencesgimnazium.hu\/index.php\/wp-json\/wp\/v2\/posts\/3220\/revisions\/3225"}],"wp:attachment":[{"href":"https:\/\/ferencesgimnazium.hu\/index.php\/wp-json\/wp\/v2\/media?parent=3220"}],"wp:term":[{"taxonomy":"category","embeddable":true,"href":"https:\/\/ferencesgimnazium.hu\/index.php\/wp-json\/wp\/v2\/categories?post=3220"},{"taxonomy":"post_tag","embeddable":true,"href":"https:\/\/ferencesgimnazium.hu\/index.php\/wp-json\/wp\/v2\/tags?post=3220"}],"curies":[{"name":"wp","href":"https:\/\/api.w.org\/{rel}","templated":true}]}}