{"id":3152,"date":"2022-03-11T11:53:48","date_gmt":"2022-03-11T10:53:48","guid":{"rendered":"https:\/\/ferencesgimnazium.hu\/?p=3152"},"modified":"2022-03-11T11:53:48","modified_gmt":"2022-03-11T10:53:48","slug":"marcius-15","status":"publish","type":"post","link":"https:\/\/ferencesgimnazium.hu\/index.php\/marcius-15\/","title":{"rendered":"M\u00e1rcius 15."},"content":{"rendered":"<p><b><span style=\"font-size: large;\">A M\u00e1rcius 15-i megeml\u00e9kez\u00e9s alkalm\u00e1b\u00f3l vend\u00e9g\u00fcnk volt&nbsp;<i>G\u00e1l Tam\u00e1s<\/i>, a kom\u00e1romi J\u00f3kai Sz\u00ednh\u00e1z igazgat\u00f3ja \u00e9s sz\u00edn\u00e9sze tov\u00e1bb\u00e1&nbsp;<i>Kulin \u00d6d\u00f6n<\/i>&nbsp;n\u00e9pzen\u00e9sz.<\/span><\/b><\/p>\n<div id='gallery-1' class='gallery galleryid-3152 gallery-columns-2 gallery-size-medium'><figure class='gallery-item'>\n\t\t\t<div class='gallery-icon landscape'>\n\t\t\t\t<a href='https:\/\/ferencesgimnazium.hu\/index.php\/marcius-15\/20220311_082224\/'><img loading=\"lazy\" decoding=\"async\" width=\"300\" height=\"169\" src=\"https:\/\/ferencesgimnazium.hu\/wp-content\/uploads\/2022\/03\/20220311_082224-300x169.jpg\" class=\"attachment-medium size-medium\" alt=\"\" srcset=\"https:\/\/ferencesgimnazium.hu\/wp-content\/uploads\/2022\/03\/20220311_082224-300x169.jpg 300w, https:\/\/ferencesgimnazium.hu\/wp-content\/uploads\/2022\/03\/20220311_082224-1024x576.jpg 1024w, https:\/\/ferencesgimnazium.hu\/wp-content\/uploads\/2022\/03\/20220311_082224-768x432.jpg 768w, https:\/\/ferencesgimnazium.hu\/wp-content\/uploads\/2022\/03\/20220311_082224-1536x864.jpg 1536w, https:\/\/ferencesgimnazium.hu\/wp-content\/uploads\/2022\/03\/20220311_082224-2048x1152.jpg 2048w, https:\/\/ferencesgimnazium.hu\/wp-content\/uploads\/2022\/03\/20220311_082224-830x467.jpg 830w, https:\/\/ferencesgimnazium.hu\/wp-content\/uploads\/2022\/03\/20220311_082224-230x129.jpg 230w, https:\/\/ferencesgimnazium.hu\/wp-content\/uploads\/2022\/03\/20220311_082224-350x197.jpg 350w, https:\/\/ferencesgimnazium.hu\/wp-content\/uploads\/2022\/03\/20220311_082224-480x270.jpg 480w\" sizes=\"auto, (max-width: 300px) 100vw, 300px\" \/><\/a>\n\t\t\t<\/div><\/figure><figure class='gallery-item'>\n\t\t\t<div class='gallery-icon landscape'>\n\t\t\t\t<a href='https:\/\/ferencesgimnazium.hu\/index.php\/marcius-15\/20220311_082326\/'><img loading=\"lazy\" decoding=\"async\" width=\"300\" height=\"169\" src=\"https:\/\/ferencesgimnazium.hu\/wp-content\/uploads\/2022\/03\/20220311_082326-300x169.jpg\" class=\"attachment-medium size-medium\" alt=\"\" srcset=\"https:\/\/ferencesgimnazium.hu\/wp-content\/uploads\/2022\/03\/20220311_082326-300x169.jpg 300w, https:\/\/ferencesgimnazium.hu\/wp-content\/uploads\/2022\/03\/20220311_082326-1024x576.jpg 1024w, https:\/\/ferencesgimnazium.hu\/wp-content\/uploads\/2022\/03\/20220311_082326-768x432.jpg 768w, https:\/\/ferencesgimnazium.hu\/wp-content\/uploads\/2022\/03\/20220311_082326-1536x864.jpg 1536w, https:\/\/ferencesgimnazium.hu\/wp-content\/uploads\/2022\/03\/20220311_082326-2048x1152.jpg 2048w, https:\/\/ferencesgimnazium.hu\/wp-content\/uploads\/2022\/03\/20220311_082326-830x467.jpg 830w, https:\/\/ferencesgimnazium.hu\/wp-content\/uploads\/2022\/03\/20220311_082326-230x129.jpg 230w, https:\/\/ferencesgimnazium.hu\/wp-content\/uploads\/2022\/03\/20220311_082326-350x197.jpg 350w, https:\/\/ferencesgimnazium.hu\/wp-content\/uploads\/2022\/03\/20220311_082326-480x270.jpg 480w\" sizes=\"auto, (max-width: 300px) 100vw, 300px\" \/><\/a>\n\t\t\t<\/div><\/figure><figure class='gallery-item'>\n\t\t\t<div class='gallery-icon landscape'>\n\t\t\t\t<a href='https:\/\/ferencesgimnazium.hu\/index.php\/marcius-15\/20220311_085357\/'><img loading=\"lazy\" decoding=\"async\" width=\"300\" height=\"169\" src=\"https:\/\/ferencesgimnazium.hu\/wp-content\/uploads\/2022\/03\/20220311_085357-300x169.jpg\" class=\"attachment-medium size-medium\" alt=\"\" srcset=\"https:\/\/ferencesgimnazium.hu\/wp-content\/uploads\/2022\/03\/20220311_085357-300x169.jpg 300w, https:\/\/ferencesgimnazium.hu\/wp-content\/uploads\/2022\/03\/20220311_085357-1024x576.jpg 1024w, https:\/\/ferencesgimnazium.hu\/wp-content\/uploads\/2022\/03\/20220311_085357-768x432.jpg 768w, https:\/\/ferencesgimnazium.hu\/wp-content\/uploads\/2022\/03\/20220311_085357-1536x864.jpg 1536w, https:\/\/ferencesgimnazium.hu\/wp-content\/uploads\/2022\/03\/20220311_085357-2048x1152.jpg 2048w, https:\/\/ferencesgimnazium.hu\/wp-content\/uploads\/2022\/03\/20220311_085357-830x467.jpg 830w, https:\/\/ferencesgimnazium.hu\/wp-content\/uploads\/2022\/03\/20220311_085357-230x129.jpg 230w, https:\/\/ferencesgimnazium.hu\/wp-content\/uploads\/2022\/03\/20220311_085357-350x197.jpg 350w, https:\/\/ferencesgimnazium.hu\/wp-content\/uploads\/2022\/03\/20220311_085357-480x270.jpg 480w\" sizes=\"auto, (max-width: 300px) 100vw, 300px\" \/><\/a>\n\t\t\t<\/div><\/figure><figure class='gallery-item'>\n\t\t\t<div class='gallery-icon landscape'>\n\t\t\t\t<a href='https:\/\/ferencesgimnazium.hu\/index.php\/marcius-15\/20220311_085617\/'><img loading=\"lazy\" decoding=\"async\" width=\"300\" height=\"169\" src=\"https:\/\/ferencesgimnazium.hu\/wp-content\/uploads\/2022\/03\/20220311_085617-300x169.jpg\" class=\"attachment-medium size-medium\" alt=\"\" srcset=\"https:\/\/ferencesgimnazium.hu\/wp-content\/uploads\/2022\/03\/20220311_085617-300x169.jpg 300w, https:\/\/ferencesgimnazium.hu\/wp-content\/uploads\/2022\/03\/20220311_085617-1024x576.jpg 1024w, https:\/\/ferencesgimnazium.hu\/wp-content\/uploads\/2022\/03\/20220311_085617-768x432.jpg 768w, https:\/\/ferencesgimnazium.hu\/wp-content\/uploads\/2022\/03\/20220311_085617-1536x864.jpg 1536w, https:\/\/ferencesgimnazium.hu\/wp-content\/uploads\/2022\/03\/20220311_085617-2048x1152.jpg 2048w, https:\/\/ferencesgimnazium.hu\/wp-content\/uploads\/2022\/03\/20220311_085617-830x467.jpg 830w, https:\/\/ferencesgimnazium.hu\/wp-content\/uploads\/2022\/03\/20220311_085617-230x129.jpg 230w, https:\/\/ferencesgimnazium.hu\/wp-content\/uploads\/2022\/03\/20220311_085617-350x197.jpg 350w, https:\/\/ferencesgimnazium.hu\/wp-content\/uploads\/2022\/03\/20220311_085617-480x270.jpg 480w\" sizes=\"auto, (max-width: 300px) 100vw, 300px\" \/><\/a>\n\t\t\t<\/div><\/figure>\n\t\t<\/div>\n\n","protected":false},"excerpt":{"rendered":"<p>A M\u00e1rcius 15-i megeml\u00e9kez\u00e9s alkalm\u00e1b\u00f3l vend\u00e9g\u00fcnk volt&nbsp;G\u00e1l Tam\u00e1s, a kom\u00e1romi J\u00f3kai Sz\u00ednh\u00e1z igazgat\u00f3ja \u00e9s sz\u00edn\u00e9sze tov\u00e1bb\u00e1&nbsp;Kulin \u00d6d\u00f6n&nbsp;n\u00e9pzen\u00e9sz.<\/p>\n","protected":false},"author":2,"featured_media":0,"comment_status":"closed","ping_status":"open","sticky":false,"template":"","format":"standard","meta":{"ngg_post_thumbnail":0,"footnotes":""},"categories":[1],"tags":[],"class_list":["post-3152","post","type-post","status-publish","format-standard","hentry","category-egyeb"],"_links":{"self":[{"href":"https:\/\/ferencesgimnazium.hu\/index.php\/wp-json\/wp\/v2\/posts\/3152","targetHints":{"allow":["GET"]}}],"collection":[{"href":"https:\/\/ferencesgimnazium.hu\/index.php\/wp-json\/wp\/v2\/posts"}],"about":[{"href":"https:\/\/ferencesgimnazium.hu\/index.php\/wp-json\/wp\/v2\/types\/post"}],"author":[{"embeddable":true,"href":"https:\/\/ferencesgimnazium.hu\/index.php\/wp-json\/wp\/v2\/users\/2"}],"replies":[{"embeddable":true,"href":"https:\/\/ferencesgimnazium.hu\/index.php\/wp-json\/wp\/v2\/comments?post=3152"}],"version-history":[{"count":1,"href":"https:\/\/ferencesgimnazium.hu\/index.php\/wp-json\/wp\/v2\/posts\/3152\/revisions"}],"predecessor-version":[{"id":3158,"href":"https:\/\/ferencesgimnazium.hu\/index.php\/wp-json\/wp\/v2\/posts\/3152\/revisions\/3158"}],"wp:attachment":[{"href":"https:\/\/ferencesgimnazium.hu\/index.php\/wp-json\/wp\/v2\/media?parent=3152"}],"wp:term":[{"taxonomy":"category","embeddable":true,"href":"https:\/\/ferencesgimnazium.hu\/index.php\/wp-json\/wp\/v2\/categories?post=3152"},{"taxonomy":"post_tag","embeddable":true,"href":"https:\/\/ferencesgimnazium.hu\/index.php\/wp-json\/wp\/v2\/tags?post=3152"}],"curies":[{"name":"wp","href":"https:\/\/api.w.org\/{rel}","templated":true}]}}