{"id":3144,"date":"2022-02-28T12:15:12","date_gmt":"2022-02-28T11:15:12","guid":{"rendered":"https:\/\/ferencesgimnazium.hu\/?p=3144"},"modified":"2022-02-28T12:15:26","modified_gmt":"2022-02-28T11:15:26","slug":"kommunista-diktaturak-aldozatainak-emleknapja","status":"publish","type":"post","link":"https:\/\/ferencesgimnazium.hu\/index.php\/kommunista-diktaturak-aldozatainak-emleknapja\/","title":{"rendered":"Kommunista diktat\u00far\u00e1k \u00e1ldozatainak eml\u00e9knapja"},"content":{"rendered":"<p>A kommunista diktat\u00far\u00e1k \u00e1ldozatainak eml\u00e9knapja alkalm\u00e1b\u00f3l a Ferences Gimn\u00e1zium di\u00e1kjainak kis csoportj\u00e1val r\u00e9szt vett\u00fcnk a Conti utcai (\u00c1VH-b\u00f6rt\u00f6nben) tartott megeml\u00e9kez\u00e9sen.<\/p>\n<p><a href=\"https:\/\/ferencesgimnazium.hu\/wp-content\/uploads\/2022\/02\/Conti_utcai_b\u00f6rt\u00f6n_2022_013.jpg\"><img loading=\"lazy\" decoding=\"async\" class=\"aligncenter wp-image-3145 size-large\" src=\"https:\/\/ferencesgimnazium.hu\/wp-content\/uploads\/2022\/02\/Conti_utcai_b\u00f6rt\u00f6n_2022_013-1024x576.jpg\" alt=\"\" width=\"1024\" height=\"576\" srcset=\"https:\/\/ferencesgimnazium.hu\/wp-content\/uploads\/2022\/02\/Conti_utcai_b\u00f6rt\u00f6n_2022_013-1024x576.jpg 1024w, https:\/\/ferencesgimnazium.hu\/wp-content\/uploads\/2022\/02\/Conti_utcai_b\u00f6rt\u00f6n_2022_013-300x169.jpg 300w, https:\/\/ferencesgimnazium.hu\/wp-content\/uploads\/2022\/02\/Conti_utcai_b\u00f6rt\u00f6n_2022_013-768x432.jpg 768w, https:\/\/ferencesgimnazium.hu\/wp-content\/uploads\/2022\/02\/Conti_utcai_b\u00f6rt\u00f6n_2022_013-1536x864.jpg 1536w, https:\/\/ferencesgimnazium.hu\/wp-content\/uploads\/2022\/02\/Conti_utcai_b\u00f6rt\u00f6n_2022_013-830x467.jpg 830w, https:\/\/ferencesgimnazium.hu\/wp-content\/uploads\/2022\/02\/Conti_utcai_b\u00f6rt\u00f6n_2022_013-230x129.jpg 230w, https:\/\/ferencesgimnazium.hu\/wp-content\/uploads\/2022\/02\/Conti_utcai_b\u00f6rt\u00f6n_2022_013-350x197.jpg 350w, https:\/\/ferencesgimnazium.hu\/wp-content\/uploads\/2022\/02\/Conti_utcai_b\u00f6rt\u00f6n_2022_013-480x270.jpg 480w, https:\/\/ferencesgimnazium.hu\/wp-content\/uploads\/2022\/02\/Conti_utcai_b\u00f6rt\u00f6n_2022_013.jpg 1666w\" sizes=\"auto, (max-width: 1024px) 100vw, 1024px\" \/><\/a><\/p>\n<p><a href=\"https:\/\/ferencesgimnazium.hu\/wp-content\/uploads\/2022\/02\/Conti_utcai_b\u00f6rt\u00f6n_2022_024.jpg\"><img loading=\"lazy\" decoding=\"async\" class=\"aligncenter wp-image-3146 size-large\" src=\"https:\/\/ferencesgimnazium.hu\/wp-content\/uploads\/2022\/02\/Conti_utcai_b\u00f6rt\u00f6n_2022_024-1024x576.jpg\" alt=\"\" width=\"1024\" height=\"576\" srcset=\"https:\/\/ferencesgimnazium.hu\/wp-content\/uploads\/2022\/02\/Conti_utcai_b\u00f6rt\u00f6n_2022_024-1024x576.jpg 1024w, https:\/\/ferencesgimnazium.hu\/wp-content\/uploads\/2022\/02\/Conti_utcai_b\u00f6rt\u00f6n_2022_024-300x169.jpg 300w, https:\/\/ferencesgimnazium.hu\/wp-content\/uploads\/2022\/02\/Conti_utcai_b\u00f6rt\u00f6n_2022_024-768x432.jpg 768w, https:\/\/ferencesgimnazium.hu\/wp-content\/uploads\/2022\/02\/Conti_utcai_b\u00f6rt\u00f6n_2022_024-1536x864.jpg 1536w, https:\/\/ferencesgimnazium.hu\/wp-content\/uploads\/2022\/02\/Conti_utcai_b\u00f6rt\u00f6n_2022_024-830x467.jpg 830w, https:\/\/ferencesgimnazium.hu\/wp-content\/uploads\/2022\/02\/Conti_utcai_b\u00f6rt\u00f6n_2022_024-230x129.jpg 230w, https:\/\/ferencesgimnazium.hu\/wp-content\/uploads\/2022\/02\/Conti_utcai_b\u00f6rt\u00f6n_2022_024-350x197.jpg 350w, https:\/\/ferencesgimnazium.hu\/wp-content\/uploads\/2022\/02\/Conti_utcai_b\u00f6rt\u00f6n_2022_024-480x270.jpg 480w, https:\/\/ferencesgimnazium.hu\/wp-content\/uploads\/2022\/02\/Conti_utcai_b\u00f6rt\u00f6n_2022_024.jpg 1565w\" sizes=\"auto, (max-width: 1024px) 100vw, 1024px\" \/><\/a><\/p>\n","protected":false},"excerpt":{"rendered":"<p>A kommunista diktat\u00far\u00e1k \u00e1ldozatainak eml\u00e9knapja alkalm\u00e1b\u00f3l a Ferences Gimn\u00e1zium di\u00e1kjainak kis csoportj\u00e1val r\u00e9szt vett\u00fcnk a Conti utcai (\u00c1VH-b\u00f6rt\u00f6nben) tartott megeml\u00e9kez\u00e9sen.<\/p>\n","protected":false},"author":2,"featured_media":0,"comment_status":"closed","ping_status":"open","sticky":false,"template":"","format":"standard","meta":{"ngg_post_thumbnail":0,"footnotes":""},"categories":[8],"tags":[],"class_list":["post-3144","post","type-post","status-publish","format-standard","hentry","category-hirek"],"_links":{"self":[{"href":"https:\/\/ferencesgimnazium.hu\/index.php\/wp-json\/wp\/v2\/posts\/3144","targetHints":{"allow":["GET"]}}],"collection":[{"href":"https:\/\/ferencesgimnazium.hu\/index.php\/wp-json\/wp\/v2\/posts"}],"about":[{"href":"https:\/\/ferencesgimnazium.hu\/index.php\/wp-json\/wp\/v2\/types\/post"}],"author":[{"embeddable":true,"href":"https:\/\/ferencesgimnazium.hu\/index.php\/wp-json\/wp\/v2\/users\/2"}],"replies":[{"embeddable":true,"href":"https:\/\/ferencesgimnazium.hu\/index.php\/wp-json\/wp\/v2\/comments?post=3144"}],"version-history":[{"count":1,"href":"https:\/\/ferencesgimnazium.hu\/index.php\/wp-json\/wp\/v2\/posts\/3144\/revisions"}],"predecessor-version":[{"id":3147,"href":"https:\/\/ferencesgimnazium.hu\/index.php\/wp-json\/wp\/v2\/posts\/3144\/revisions\/3147"}],"wp:attachment":[{"href":"https:\/\/ferencesgimnazium.hu\/index.php\/wp-json\/wp\/v2\/media?parent=3144"}],"wp:term":[{"taxonomy":"category","embeddable":true,"href":"https:\/\/ferencesgimnazium.hu\/index.php\/wp-json\/wp\/v2\/categories?post=3144"},{"taxonomy":"post_tag","embeddable":true,"href":"https:\/\/ferencesgimnazium.hu\/index.php\/wp-json\/wp\/v2\/tags?post=3144"}],"curies":[{"name":"wp","href":"https:\/\/api.w.org\/{rel}","templated":true}]}}