{"id":2973,"date":"2021-06-08T15:42:12","date_gmt":"2021-06-08T13:42:12","guid":{"rendered":"https:\/\/ferencesgimnazium.hu\/?p=2973"},"modified":"2021-06-08T15:42:12","modified_gmt":"2021-06-08T13:42:12","slug":"nyari-ugyeleti-rend","status":"publish","type":"post","link":"https:\/\/ferencesgimnazium.hu\/index.php\/nyari-ugyeleti-rend\/","title":{"rendered":"Ny\u00e1ri \u00fcgyeleti rend"},"content":{"rendered":"<p>J\u00fanius 24-\u00e9n 8-12-ig \u00fcgyel: Horv\u00e1th Istv\u00e1n.<br \/>\nJ\u00falius 16-\u00e1n 8-12-ig \u00fcgyel: P. B\u00e9cser R\u00f3bert OFM.<br \/>\nAugusztus 5-\u00e9n 8-12-ig \u00fcgyel: Neubrandt Istv\u00e1n.<\/p>\n","protected":false},"excerpt":{"rendered":"<p>J\u00fanius 24-\u00e9n 8-12-ig \u00fcgyel: Horv\u00e1th Istv\u00e1n. J\u00falius 16-\u00e1n 8-12-ig \u00fcgyel: P. B\u00e9cser R\u00f3bert OFM. Augusztus 5-\u00e9n 8-12-ig \u00fcgyel: Neubrandt Istv\u00e1n.<\/p>\n","protected":false},"author":2,"featured_media":0,"comment_status":"closed","ping_status":"open","sticky":false,"template":"","format":"standard","meta":{"ngg_post_thumbnail":0,"footnotes":""},"categories":[8],"tags":[],"class_list":["post-2973","post","type-post","status-publish","format-standard","hentry","category-hirek"],"_links":{"self":[{"href":"https:\/\/ferencesgimnazium.hu\/index.php\/wp-json\/wp\/v2\/posts\/2973","targetHints":{"allow":["GET"]}}],"collection":[{"href":"https:\/\/ferencesgimnazium.hu\/index.php\/wp-json\/wp\/v2\/posts"}],"about":[{"href":"https:\/\/ferencesgimnazium.hu\/index.php\/wp-json\/wp\/v2\/types\/post"}],"author":[{"embeddable":true,"href":"https:\/\/ferencesgimnazium.hu\/index.php\/wp-json\/wp\/v2\/users\/2"}],"replies":[{"embeddable":true,"href":"https:\/\/ferencesgimnazium.hu\/index.php\/wp-json\/wp\/v2\/comments?post=2973"}],"version-history":[{"count":1,"href":"https:\/\/ferencesgimnazium.hu\/index.php\/wp-json\/wp\/v2\/posts\/2973\/revisions"}],"predecessor-version":[{"id":2974,"href":"https:\/\/ferencesgimnazium.hu\/index.php\/wp-json\/wp\/v2\/posts\/2973\/revisions\/2974"}],"wp:attachment":[{"href":"https:\/\/ferencesgimnazium.hu\/index.php\/wp-json\/wp\/v2\/media?parent=2973"}],"wp:term":[{"taxonomy":"category","embeddable":true,"href":"https:\/\/ferencesgimnazium.hu\/index.php\/wp-json\/wp\/v2\/categories?post=2973"},{"taxonomy":"post_tag","embeddable":true,"href":"https:\/\/ferencesgimnazium.hu\/index.php\/wp-json\/wp\/v2\/tags?post=2973"}],"curies":[{"name":"wp","href":"https:\/\/api.w.org\/{rel}","templated":true}]}}