{"id":2948,"date":"2021-06-04T12:43:11","date_gmt":"2021-06-04T10:43:11","guid":{"rendered":"https:\/\/ferencesgimnazium.hu\/?p=2948"},"modified":"2021-06-04T12:47:43","modified_gmt":"2021-06-04T10:47:43","slug":"2021-2022-es-tanev-uj-osztalyfonokei","status":"publish","type":"post","link":"https:\/\/ferencesgimnazium.hu\/index.php\/2021-2022-es-tanev-uj-osztalyfonokei\/","title":{"rendered":"2021\/2022-es tan\u00e9v \u00faj oszt\u00e1lyf\u0151n\u00f6kei"},"content":{"rendered":"<table class=\" aligncenter\" style=\"height: 372px; width: 64.7359%; border-color: #ffffff; border-style: solid; background-color: #ffffff;\" width=\"900\">\n<tbody>\n<tr style=\"height: 348px;\">\n<td style=\"width: 25.641%; border-color: #ffffff; height: 348px;\"><a href=\"https:\/\/ferencesgimnazium.hu\/wp-content\/uploads\/2021\/06\/Kriaszter-Emese-1.jpg\"><img loading=\"lazy\" decoding=\"async\" class=\"aligncenter wp-image-2959 size-medium\" src=\"https:\/\/ferencesgimnazium.hu\/wp-content\/uploads\/2021\/06\/Kriaszter-Emese-1-229x300.jpg\" alt=\"\" width=\"229\" height=\"300\" srcset=\"https:\/\/ferencesgimnazium.hu\/wp-content\/uploads\/2021\/06\/Kriaszter-Emese-1-229x300.jpg 229w, https:\/\/ferencesgimnazium.hu\/wp-content\/uploads\/2021\/06\/Kriaszter-Emese-1-781x1024.jpg 781w, https:\/\/ferencesgimnazium.hu\/wp-content\/uploads\/2021\/06\/Kriaszter-Emese-1-768x1008.jpg 768w, https:\/\/ferencesgimnazium.hu\/wp-content\/uploads\/2021\/06\/Kriaszter-Emese-1-1171x1536.jpg 1171w, https:\/\/ferencesgimnazium.hu\/wp-content\/uploads\/2021\/06\/Kriaszter-Emese-1-830x1089.jpg 830w, https:\/\/ferencesgimnazium.hu\/wp-content\/uploads\/2021\/06\/Kriaszter-Emese-1-230x302.jpg 230w, https:\/\/ferencesgimnazium.hu\/wp-content\/uploads\/2021\/06\/Kriaszter-Emese-1-350x459.jpg 350w, https:\/\/ferencesgimnazium.hu\/wp-content\/uploads\/2021\/06\/Kriaszter-Emese-1-480x630.jpg 480w, https:\/\/ferencesgimnazium.hu\/wp-content\/uploads\/2021\/06\/Kriaszter-Emese-1.jpg 1180w\" sizes=\"auto, (max-width: 229px) 100vw, 229px\" \/><\/a><\/td>\n<td style=\"width: 25.641%; border-color: #ffffff; height: 348px;\"><a href=\"https:\/\/ferencesgimnazium.hu\/wp-content\/uploads\/2020\/08\/tan-29-of-47-scaled.jpg\"><img loading=\"lazy\" decoding=\"async\" class=\"aligncenter wp-image-2612\" src=\"https:\/\/ferencesgimnazium.hu\/wp-content\/uploads\/2020\/08\/tan-29-of-47-225x300.jpg\" alt=\"\" width=\"200\" height=\"300\"><\/a><\/td>\n<td style=\"width: 25.864%; border-color: #ffffff; height: 348px;\"><a href=\"https:\/\/ferencesgimnazium.hu\/wp-content\/uploads\/2020\/08\/tan-16-of-47.jpg\"><img loading=\"lazy\" decoding=\"async\" class=\"aligncenter wp-image-2599 size-medium\" src=\"https:\/\/ferencesgimnazium.hu\/wp-content\/uploads\/2020\/08\/tan-16-of-47-225x300.jpg\" alt=\"\" width=\"200\" height=\"300\"><\/a><\/td>\n<\/tr>\n<tr style=\"height: 24px;\">\n<td style=\"width: 25.641%; border-color: #ffffff; height: 24px;\"><span style=\"color: #ff0000; font-size: 14pt;\">7\/A oszt\u00e1ly<\/span><br \/>\n<span style=\"font-size: 14pt;\"><strong>Kriaszter Emese<\/strong><\/span><\/td>\n<td style=\"width: 25.641%; border-color: #ffffff; height: 24px;\"><span style=\"color: #ff0000; font-size: 14pt;\">7\/B oszt\u00e1ly<\/span><br \/>\n<span style=\"font-size: 14pt;\"><strong>Ujv\u00e1ry J\u00e1nos<\/strong><\/span>&nbsp;<\/td>\n<td style=\"width: 25.864%; border-color: #ffffff; height: 24px;\"><span style=\"color: #ff0000; font-size: 14pt;\">9\/C oszt\u00e1ly<\/span><br \/>\n<span style=\"font-size: 14pt;\"><strong>Isz\u00e1ly G\u00f6rgy<\/strong><\/span><\/td>\n<\/tr>\n<\/tbody>\n<\/table>\n<p>&nbsp;&nbsp;<\/p>\n","protected":false},"excerpt":{"rendered":"<p>7\/A oszt\u00e1ly Kriaszter Emese 7\/B oszt\u00e1ly Ujv\u00e1ry J\u00e1nos&nbsp; 9\/C oszt\u00e1ly Isz\u00e1ly G\u00f6rgy &nbsp;&nbsp;<\/p>\n","protected":false},"author":2,"featured_media":0,"comment_status":"closed","ping_status":"open","sticky":false,"template":"","format":"standard","meta":{"ngg_post_thumbnail":0,"footnotes":""},"categories":[8],"tags":[],"class_list":["post-2948","post","type-post","status-publish","format-standard","hentry","category-hirek"],"_links":{"self":[{"href":"https:\/\/ferencesgimnazium.hu\/index.php\/wp-json\/wp\/v2\/posts\/2948","targetHints":{"allow":["GET"]}}],"collection":[{"href":"https:\/\/ferencesgimnazium.hu\/index.php\/wp-json\/wp\/v2\/posts"}],"about":[{"href":"https:\/\/ferencesgimnazium.hu\/index.php\/wp-json\/wp\/v2\/types\/post"}],"author":[{"embeddable":true,"href":"https:\/\/ferencesgimnazium.hu\/index.php\/wp-json\/wp\/v2\/users\/2"}],"replies":[{"embeddable":true,"href":"https:\/\/ferencesgimnazium.hu\/index.php\/wp-json\/wp\/v2\/comments?post=2948"}],"version-history":[{"count":5,"href":"https:\/\/ferencesgimnazium.hu\/index.php\/wp-json\/wp\/v2\/posts\/2948\/revisions"}],"predecessor-version":[{"id":2960,"href":"https:\/\/ferencesgimnazium.hu\/index.php\/wp-json\/wp\/v2\/posts\/2948\/revisions\/2960"}],"wp:attachment":[{"href":"https:\/\/ferencesgimnazium.hu\/index.php\/wp-json\/wp\/v2\/media?parent=2948"}],"wp:term":[{"taxonomy":"category","embeddable":true,"href":"https:\/\/ferencesgimnazium.hu\/index.php\/wp-json\/wp\/v2\/categories?post=2948"},{"taxonomy":"post_tag","embeddable":true,"href":"https:\/\/ferencesgimnazium.hu\/index.php\/wp-json\/wp\/v2\/tags?post=2948"}],"curies":[{"name":"wp","href":"https:\/\/api.w.org\/{rel}","templated":true}]}}