{"id":2844,"date":"2021-01-21T22:06:19","date_gmt":"2021-01-21T21:06:19","guid":{"rendered":"https:\/\/ferencesgimnazium.hu\/?p=2844"},"modified":"2021-01-21T22:06:19","modified_gmt":"2021-01-21T21:06:19","slug":"munkaterv-valtozas","status":"publish","type":"post","link":"https:\/\/ferencesgimnazium.hu\/index.php\/munkaterv-valtozas\/","title":{"rendered":"Munkaterv v\u00e1ltoz\u00e1s"},"content":{"rendered":"<p>Tisztelt Sz\u00fcl\u0151k! Kedves Di\u00e1kok!<\/p>\n<p>A s\u00edsz\u00fcnet helyett f\u00e9l\u00e9vi sz\u00fcnet lesz janu\u00e1r 28-t\u00f3l 31-ig. (Egy 4 napos hossz\u00fah\u00e9tv\u00e9ge.)<br \/>\nA h\u00fasv\u00e9ti sz\u00fcnet meghosszabbodik \u00e1prilis 11-ig.<\/p>\n<p>\u00dcdv\u00f6zlettel:<\/p>\n<p>B\u00e9cser R\u00f3bert OFM<br \/>\nigazgat\u00f3<\/p>\n","protected":false},"excerpt":{"rendered":"<p>Tisztelt Sz\u00fcl\u0151k! Kedves Di\u00e1kok! A s\u00edsz\u00fcnet helyett f\u00e9l\u00e9vi sz\u00fcnet lesz janu\u00e1r 28-t\u00f3l 31-ig. (Egy 4 napos hossz\u00fah\u00e9tv\u00e9ge.) A h\u00fasv\u00e9ti sz\u00fcnet [&hellip;]<\/p>\n","protected":false},"author":2,"featured_media":0,"comment_status":"closed","ping_status":"open","sticky":false,"template":"","format":"standard","meta":{"ngg_post_thumbnail":0,"footnotes":""},"categories":[1],"tags":[],"class_list":["post-2844","post","type-post","status-publish","format-standard","hentry","category-egyeb"],"_links":{"self":[{"href":"https:\/\/ferencesgimnazium.hu\/index.php\/wp-json\/wp\/v2\/posts\/2844","targetHints":{"allow":["GET"]}}],"collection":[{"href":"https:\/\/ferencesgimnazium.hu\/index.php\/wp-json\/wp\/v2\/posts"}],"about":[{"href":"https:\/\/ferencesgimnazium.hu\/index.php\/wp-json\/wp\/v2\/types\/post"}],"author":[{"embeddable":true,"href":"https:\/\/ferencesgimnazium.hu\/index.php\/wp-json\/wp\/v2\/users\/2"}],"replies":[{"embeddable":true,"href":"https:\/\/ferencesgimnazium.hu\/index.php\/wp-json\/wp\/v2\/comments?post=2844"}],"version-history":[{"count":1,"href":"https:\/\/ferencesgimnazium.hu\/index.php\/wp-json\/wp\/v2\/posts\/2844\/revisions"}],"predecessor-version":[{"id":2845,"href":"https:\/\/ferencesgimnazium.hu\/index.php\/wp-json\/wp\/v2\/posts\/2844\/revisions\/2845"}],"wp:attachment":[{"href":"https:\/\/ferencesgimnazium.hu\/index.php\/wp-json\/wp\/v2\/media?parent=2844"}],"wp:term":[{"taxonomy":"category","embeddable":true,"href":"https:\/\/ferencesgimnazium.hu\/index.php\/wp-json\/wp\/v2\/categories?post=2844"},{"taxonomy":"post_tag","embeddable":true,"href":"https:\/\/ferencesgimnazium.hu\/index.php\/wp-json\/wp\/v2\/tags?post=2844"}],"curies":[{"name":"wp","href":"https:\/\/api.w.org\/{rel}","templated":true}]}}