{"id":2834,"date":"2020-11-09T13:29:09","date_gmt":"2020-11-09T12:29:09","guid":{"rendered":"https:\/\/ferencesgimnazium.hu\/?p=2834"},"modified":"2021-01-09T13:32:20","modified_gmt":"2021-01-09T12:32:20","slug":"meszaros-otto-magyar-ezust-erdemkereszt-polgari-tagozat-kituntetest-kapott","status":"publish","type":"post","link":"https:\/\/ferencesgimnazium.hu\/index.php\/meszaros-otto-magyar-ezust-erdemkereszt-polgari-tagozat-kituntetest-kapott\/","title":{"rendered":"M\u00e9sz\u00e1ros Ott\u00f3 Magyar Ez\u00fcst \u00c9rdemkereszt polg\u00e1ri tagozat kit\u00fcntet\u00e9st kapott"},"content":{"rendered":"<div class=\"kvgmc6g5 cxmmr5t8 oygrvhab hcukyx3x c1et5uql ii04i59q\">\n<div dir=\"auto\" style=\"text-align: justify;\">Magyar Ez\u00fcst \u00c9rdemkereszt polg\u00e1ri tagozat kit\u00fcntet\u00e9st kapott M\u00e9sz\u00e1ros Ott\u00f3, gimn\u00e1ziumunk tan\u00e1ra az 1956-os forradalom \u00e9s szabads\u00e1gharc eml\u00e9knapja alkalm\u00e1b\u00f3l tartott \u00fcnneps\u00e9gen.<\/div>\n<\/div>\n<div class=\"o9v6fnle cxmmr5t8 oygrvhab hcukyx3x c1et5uql ii04i59q\" style=\"text-align: justify;\">\n<div dir=\"auto\">Guly\u00e1s Gergely, a Minisztereln\u00f6ks\u00e9get vezet\u0151 miniszter adta \u00e1t a Magyar Ez\u00fcst \u00c9rdemkereszt polg\u00e1ri tagozat kit\u00fcntet\u00e9st az 1956-os forradalom \u00e9s szabads\u00e1gharc eml\u00e9knapja alkalm\u00e1b\u00f3l tartott \u00fcnneps\u00e9gen a V\u00e1rkert Baz\u00e1rban 2020. okt\u00f3ber 23-\u00e1n.<\/div>\n<\/div>\n<div class=\"o9v6fnle cxmmr5t8 oygrvhab hcukyx3x c1et5uql ii04i59q\">\n<div dir=\"auto\" style=\"text-align: justify;\"><strong>M\u00e9lt\u00e1n lehet\u00fcnk b\u00fcszk\u00e9k! Gratul\u00e1lunk!<\/strong><\/div>\n<div dir=\"auto\"><a href=\"https:\/\/ferencesgimnazium.hu\/wp-content\/uploads\/2021\/01\/124199043_3386449154743820_8275679471102916974_n.jpg\"><img loading=\"lazy\" decoding=\"async\" class=\"aligncenter wp-image-2836 size-full\" src=\"https:\/\/ferencesgimnazium.hu\/wp-content\/uploads\/2021\/01\/124199043_3386449154743820_8275679471102916974_n.jpg\" alt=\"\" width=\"600\" height=\"399\" srcset=\"https:\/\/ferencesgimnazium.hu\/wp-content\/uploads\/2021\/01\/124199043_3386449154743820_8275679471102916974_n.jpg 600w, https:\/\/ferencesgimnazium.hu\/wp-content\/uploads\/2021\/01\/124199043_3386449154743820_8275679471102916974_n-300x200.jpg 300w, https:\/\/ferencesgimnazium.hu\/wp-content\/uploads\/2021\/01\/124199043_3386449154743820_8275679471102916974_n-230x153.jpg 230w, https:\/\/ferencesgimnazium.hu\/wp-content\/uploads\/2021\/01\/124199043_3386449154743820_8275679471102916974_n-350x233.jpg 350w, https:\/\/ferencesgimnazium.hu\/wp-content\/uploads\/2021\/01\/124199043_3386449154743820_8275679471102916974_n-480x319.jpg 480w\" sizes=\"auto, (max-width: 600px) 100vw, 600px\" \/><\/a><\/div>\n<\/div>\n","protected":false},"excerpt":{"rendered":"<p>Magyar Ez\u00fcst \u00c9rdemkereszt polg\u00e1ri tagozat kit\u00fcntet\u00e9st kapott M\u00e9sz\u00e1ros Ott\u00f3, gimn\u00e1ziumunk tan\u00e1ra az 1956-os forradalom \u00e9s szabads\u00e1gharc eml\u00e9knapja alkalm\u00e1b\u00f3l tartott \u00fcnneps\u00e9gen. [&hellip;]<\/p>\n","protected":false},"author":2,"featured_media":0,"comment_status":"closed","ping_status":"open","sticky":false,"template":"","format":"standard","meta":{"ngg_post_thumbnail":0,"footnotes":""},"categories":[11,8],"tags":[],"class_list":["post-2834","post","type-post","status-publish","format-standard","hentry","category-buszkesegeink","category-hirek"],"_links":{"self":[{"href":"https:\/\/ferencesgimnazium.hu\/index.php\/wp-json\/wp\/v2\/posts\/2834","targetHints":{"allow":["GET"]}}],"collection":[{"href":"https:\/\/ferencesgimnazium.hu\/index.php\/wp-json\/wp\/v2\/posts"}],"about":[{"href":"https:\/\/ferencesgimnazium.hu\/index.php\/wp-json\/wp\/v2\/types\/post"}],"author":[{"embeddable":true,"href":"https:\/\/ferencesgimnazium.hu\/index.php\/wp-json\/wp\/v2\/users\/2"}],"replies":[{"embeddable":true,"href":"https:\/\/ferencesgimnazium.hu\/index.php\/wp-json\/wp\/v2\/comments?post=2834"}],"version-history":[{"count":2,"href":"https:\/\/ferencesgimnazium.hu\/index.php\/wp-json\/wp\/v2\/posts\/2834\/revisions"}],"predecessor-version":[{"id":2837,"href":"https:\/\/ferencesgimnazium.hu\/index.php\/wp-json\/wp\/v2\/posts\/2834\/revisions\/2837"}],"wp:attachment":[{"href":"https:\/\/ferencesgimnazium.hu\/index.php\/wp-json\/wp\/v2\/media?parent=2834"}],"wp:term":[{"taxonomy":"category","embeddable":true,"href":"https:\/\/ferencesgimnazium.hu\/index.php\/wp-json\/wp\/v2\/categories?post=2834"},{"taxonomy":"post_tag","embeddable":true,"href":"https:\/\/ferencesgimnazium.hu\/index.php\/wp-json\/wp\/v2\/tags?post=2834"}],"curies":[{"name":"wp","href":"https:\/\/api.w.org\/{rel}","templated":true}]}}