{"id":2823,"date":"2020-12-20T11:40:34","date_gmt":"2020-12-20T10:40:34","guid":{"rendered":"https:\/\/ferencesgimnazium.hu\/?p=2823"},"modified":"2020-12-20T11:40:53","modified_gmt":"2020-12-20T10:40:53","slug":"szomoru-hir","status":"publish","type":"post","link":"https:\/\/ferencesgimnazium.hu\/index.php\/szomoru-hir\/","title":{"rendered":"Szomor\u00fa h\u00edr"},"content":{"rendered":"<p>Kedves Sz\u00fcl\u0151k, Di\u00e1kok, Koll\u00e9g\u00e1k, \u00d6regdi\u00e1kok!<\/p>\n<p>Szomor\u00fa h\u00edrt kell megosztanom veletek: Andr\u00e1s atya ma reggel elt\u00e1vozott k\u00f6z\u00fcl\u00fcnk.<br \/>\nSokan ismerhett\u00e9tek, hiszen iskol\u00e1nk igazgat\u00f3ja volt hossz\u00fa ideig.<br \/>\nK\u00e9rem, hogy foglaljuk \u0151t im\u00e1inkba!<\/p>\n<p>Pax et Bonum!<br \/>\nFr. B\u00e9cser R\u00f3bert<\/p>\n<p><a href=\"https:\/\/ferencesgimnazium.hu\/wp-content\/uploads\/2020\/12\/and.jpg\"><img loading=\"lazy\" decoding=\"async\" class=\"aligncenter wp-image-2824 size-full\" src=\"https:\/\/ferencesgimnazium.hu\/wp-content\/uploads\/2020\/12\/and.jpg\" alt=\"\" width=\"182\" height=\"230\"><\/a><\/p>\n","protected":false},"excerpt":{"rendered":"<p>Kedves Sz\u00fcl\u0151k, Di\u00e1kok, Koll\u00e9g\u00e1k, \u00d6regdi\u00e1kok! Szomor\u00fa h\u00edrt kell megosztanom veletek: Andr\u00e1s atya ma reggel elt\u00e1vozott k\u00f6z\u00fcl\u00fcnk. Sokan ismerhett\u00e9tek, hiszen iskol\u00e1nk [&hellip;]<\/p>\n","protected":false},"author":2,"featured_media":0,"comment_status":"closed","ping_status":"open","sticky":false,"template":"","format":"standard","meta":{"ngg_post_thumbnail":0,"footnotes":""},"categories":[8],"tags":[],"class_list":["post-2823","post","type-post","status-publish","format-standard","hentry","category-hirek"],"_links":{"self":[{"href":"https:\/\/ferencesgimnazium.hu\/index.php\/wp-json\/wp\/v2\/posts\/2823","targetHints":{"allow":["GET"]}}],"collection":[{"href":"https:\/\/ferencesgimnazium.hu\/index.php\/wp-json\/wp\/v2\/posts"}],"about":[{"href":"https:\/\/ferencesgimnazium.hu\/index.php\/wp-json\/wp\/v2\/types\/post"}],"author":[{"embeddable":true,"href":"https:\/\/ferencesgimnazium.hu\/index.php\/wp-json\/wp\/v2\/users\/2"}],"replies":[{"embeddable":true,"href":"https:\/\/ferencesgimnazium.hu\/index.php\/wp-json\/wp\/v2\/comments?post=2823"}],"version-history":[{"count":1,"href":"https:\/\/ferencesgimnazium.hu\/index.php\/wp-json\/wp\/v2\/posts\/2823\/revisions"}],"predecessor-version":[{"id":2825,"href":"https:\/\/ferencesgimnazium.hu\/index.php\/wp-json\/wp\/v2\/posts\/2823\/revisions\/2825"}],"wp:attachment":[{"href":"https:\/\/ferencesgimnazium.hu\/index.php\/wp-json\/wp\/v2\/media?parent=2823"}],"wp:term":[{"taxonomy":"category","embeddable":true,"href":"https:\/\/ferencesgimnazium.hu\/index.php\/wp-json\/wp\/v2\/categories?post=2823"},{"taxonomy":"post_tag","embeddable":true,"href":"https:\/\/ferencesgimnazium.hu\/index.php\/wp-json\/wp\/v2\/tags?post=2823"}],"curies":[{"name":"wp","href":"https:\/\/api.w.org\/{rel}","templated":true}]}}