{"id":2773,"date":"2020-11-02T15:56:16","date_gmt":"2020-11-02T14:56:16","guid":{"rendered":"https:\/\/ferencesgimnazium.hu\/?p=2773"},"modified":"2020-11-02T15:56:16","modified_gmt":"2020-11-02T14:56:16","slug":"covid-19-protokoll-kiegeszites","status":"publish","type":"post","link":"https:\/\/ferencesgimnazium.hu\/index.php\/covid-19-protokoll-kiegeszites\/","title":{"rendered":"COVID-19 protokoll kieg\u00e9sz\u00edt\u00e9s"},"content":{"rendered":"<p style=\"text-align: justify;\">A kor\u00e1bbi, a fert\u0151z\u00e9s megel\u0151z\u00e9s\u00e9t szolg\u00e1l\u00f3 int\u00e9zked\u00e9s az al\u00e1bbi r\u00e9sszel eg\u00e9sz\u00fcl ki:<\/p>\n<p style=\"text-align: justify;\"><strong>A maszkvisel\u00e9s alapvet\u0151en k\u00f6telez\u0151 az int\u00e9zm\u00e9ny \u00e9p\u00fclet\u00e9ben.<\/strong> Ez al\u00f3l felment\u00e9st kap<\/p>\n<ul style=\"text-align: justify;\">\n<li>az a tan\u00e1r, aki oktat\u00e1si tev\u00e9kenys\u00e9g kapcs\u00e1n hosszasan besz\u00e9l \u00e9s legal\u00e1bb 1,5 m\u00e9ter t\u00e1vols\u00e1gra van a di\u00e1kokt\u00f3l;<\/li>\n<li>az a di\u00e1k, aki legal\u00e1bb 1,5 m\u00e9ter t\u00e1vols\u00e1gra van a t\u00f6bbi t\u00e1rs\u00e1t\u00f3l. Ennek meg\u00edt\u00e9l\u00e9se az \u00f3r\u00e1t tart\u00f3 tan\u00e1r felel\u0151ss\u00e9ge. \u00d3rak\u00f6zi sz\u00fcnetben tov\u00e1bbra is k\u00f6telez\u0151 a maszk visel\u00e9se;<\/li>\n<li>aki saj\u00e1t irod\u00e1j\u00e1ban tart\u00f3zkodik, \u00e9s a 1,5 m\u00e9teres t\u00e1vols\u00e1got tudja tartani a t\u00f6bbi ott tart\u00f3zkod\u00f3t\u00f3l;<\/li>\n<li>aki 1,5 m\u00e9teres t\u00e1vols\u00e1g betart\u00e1sa mellett \u00e9telt vagy italt fogyaszt, valamint a menz\u00e1n az eb\u00e9del\u00e9s ideje alatt;<\/li>\n<\/ul>\n<p style=\"text-align: justify;\">Mindenkinek t\u00f6rekedni kell arra, hogy a termekben, z\u00e1rt helyis\u00e9gekben gyakran szell\u0151ztessenek, \u00e9s tarts\u00e1k a 1,5 m\u00e9teres minim\u00e1lis t\u00e1vols\u00e1got.<\/p>\n<p style=\"text-align: justify;\">\u00c9rv\u00e9nyes: 2020. november 03-t\u00f3l.<\/p>\n<p style=\"text-align: justify;\">Iskolavezet\u0151s\u00e9g<\/p>\n","protected":false},"excerpt":{"rendered":"<p>A kor\u00e1bbi, a fert\u0151z\u00e9s megel\u0151z\u00e9s\u00e9t szolg\u00e1l\u00f3 int\u00e9zked\u00e9s az al\u00e1bbi r\u00e9sszel eg\u00e9sz\u00fcl ki: A maszkvisel\u00e9s alapvet\u0151en k\u00f6telez\u0151 az int\u00e9zm\u00e9ny \u00e9p\u00fclet\u00e9ben. Ez [&hellip;]<\/p>\n","protected":false},"author":2,"featured_media":0,"comment_status":"closed","ping_status":"open","sticky":false,"template":"","format":"standard","meta":{"ngg_post_thumbnail":0,"footnotes":""},"categories":[1],"tags":[],"class_list":["post-2773","post","type-post","status-publish","format-standard","hentry","category-egyeb"],"_links":{"self":[{"href":"https:\/\/ferencesgimnazium.hu\/index.php\/wp-json\/wp\/v2\/posts\/2773","targetHints":{"allow":["GET"]}}],"collection":[{"href":"https:\/\/ferencesgimnazium.hu\/index.php\/wp-json\/wp\/v2\/posts"}],"about":[{"href":"https:\/\/ferencesgimnazium.hu\/index.php\/wp-json\/wp\/v2\/types\/post"}],"author":[{"embeddable":true,"href":"https:\/\/ferencesgimnazium.hu\/index.php\/wp-json\/wp\/v2\/users\/2"}],"replies":[{"embeddable":true,"href":"https:\/\/ferencesgimnazium.hu\/index.php\/wp-json\/wp\/v2\/comments?post=2773"}],"version-history":[{"count":1,"href":"https:\/\/ferencesgimnazium.hu\/index.php\/wp-json\/wp\/v2\/posts\/2773\/revisions"}],"predecessor-version":[{"id":2774,"href":"https:\/\/ferencesgimnazium.hu\/index.php\/wp-json\/wp\/v2\/posts\/2773\/revisions\/2774"}],"wp:attachment":[{"href":"https:\/\/ferencesgimnazium.hu\/index.php\/wp-json\/wp\/v2\/media?parent=2773"}],"wp:term":[{"taxonomy":"category","embeddable":true,"href":"https:\/\/ferencesgimnazium.hu\/index.php\/wp-json\/wp\/v2\/categories?post=2773"},{"taxonomy":"post_tag","embeddable":true,"href":"https:\/\/ferencesgimnazium.hu\/index.php\/wp-json\/wp\/v2\/tags?post=2773"}],"curies":[{"name":"wp","href":"https:\/\/api.w.org\/{rel}","templated":true}]}}