{"id":2695,"date":"2020-09-25T14:32:24","date_gmt":"2020-09-25T12:32:24","guid":{"rendered":"https:\/\/ferencesgimnazium.hu\/?p=2695"},"modified":"2020-09-25T14:33:19","modified_gmt":"2020-09-25T12:33:19","slug":"felveteli-elokeszito-elmarad","status":"publish","type":"post","link":"https:\/\/ferencesgimnazium.hu\/index.php\/felveteli-elokeszito-elmarad\/","title":{"rendered":"Felv\u00e9teli el\u0151k\u00e9sz\u00edt\u0151 &#8211; elmarad"},"content":{"rendered":"<p style=\"text-align: justify;\">T\u00e1j\u00e9koztatjuk a tisztelt \u00e9rdekl\u0151d\u0151 sz\u00fcl\u0151ket \u00e9s di\u00e1kokat, hogy a kialakult j\u00e1rv\u00e1ny\u00fcgyi helyzet miatt id\u00e9n elmaradnak a felv\u00e9teli el\u0151k\u00e9sz\u00edt\u0151 foglalkoz\u00e1sok.<\/p>\n","protected":false},"excerpt":{"rendered":"<p>T\u00e1j\u00e9koztatjuk a tisztelt \u00e9rdekl\u0151d\u0151 sz\u00fcl\u0151ket \u00e9s di\u00e1kokat, hogy a kialakult j\u00e1rv\u00e1ny\u00fcgyi helyzet miatt id\u00e9n elmaradnak a felv\u00e9teli el\u0151k\u00e9sz\u00edt\u0151 foglalkoz\u00e1sok.<\/p>\n","protected":false},"author":2,"featured_media":0,"comment_status":"closed","ping_status":"open","sticky":false,"template":"","format":"standard","meta":{"ngg_post_thumbnail":0,"footnotes":""},"categories":[8],"tags":[],"class_list":["post-2695","post","type-post","status-publish","format-standard","hentry","category-hirek"],"_links":{"self":[{"href":"https:\/\/ferencesgimnazium.hu\/index.php\/wp-json\/wp\/v2\/posts\/2695","targetHints":{"allow":["GET"]}}],"collection":[{"href":"https:\/\/ferencesgimnazium.hu\/index.php\/wp-json\/wp\/v2\/posts"}],"about":[{"href":"https:\/\/ferencesgimnazium.hu\/index.php\/wp-json\/wp\/v2\/types\/post"}],"author":[{"embeddable":true,"href":"https:\/\/ferencesgimnazium.hu\/index.php\/wp-json\/wp\/v2\/users\/2"}],"replies":[{"embeddable":true,"href":"https:\/\/ferencesgimnazium.hu\/index.php\/wp-json\/wp\/v2\/comments?post=2695"}],"version-history":[{"count":1,"href":"https:\/\/ferencesgimnazium.hu\/index.php\/wp-json\/wp\/v2\/posts\/2695\/revisions"}],"predecessor-version":[{"id":2696,"href":"https:\/\/ferencesgimnazium.hu\/index.php\/wp-json\/wp\/v2\/posts\/2695\/revisions\/2696"}],"wp:attachment":[{"href":"https:\/\/ferencesgimnazium.hu\/index.php\/wp-json\/wp\/v2\/media?parent=2695"}],"wp:term":[{"taxonomy":"category","embeddable":true,"href":"https:\/\/ferencesgimnazium.hu\/index.php\/wp-json\/wp\/v2\/categories?post=2695"},{"taxonomy":"post_tag","embeddable":true,"href":"https:\/\/ferencesgimnazium.hu\/index.php\/wp-json\/wp\/v2\/tags?post=2695"}],"curies":[{"name":"wp","href":"https:\/\/api.w.org\/{rel}","templated":true}]}}