{"id":2655,"date":"2020-09-10T18:56:54","date_gmt":"2020-09-10T16:56:54","guid":{"rendered":"https:\/\/ferencesgimnazium.hu\/?p=2655"},"modified":"2020-09-17T12:22:07","modified_gmt":"2020-09-17T10:22:07","slug":"szefer-kozgyules","status":"publish","type":"post","link":"https:\/\/ferencesgimnazium.hu\/index.php\/szefer-kozgyules\/","title":{"rendered":"SZEFER k\u00f6zgy\u0171l\u00e9s"},"content":{"rendered":"<p style=\"text-align: justify;\">A Szentendrei Ferences Gimn\u00e1zium \u00d6regdi\u00e1kjainak Orsz\u00e1gos Egyes\u00fclete vezet\u0151s\u00e9ge t\u00e1j\u00e9koztatja az egyes\u00fcleti tags\u00e1got, minden kedves \u00d6regdi\u00e1kot, hogy a 2020. szeptember 10-\u00e9n megtartott \u00e9ves rendes k\u00f6zgy\u0171l\u00e9s nem volt hat\u00e1rozatk\u00e9pes. Ennek megfelel\u0151en amint a megh\u00edv\u00f3ban el\u0151zetesen jelezt\u00fck a megism\u00e9telt k\u00f6zgy\u0171l\u00e9s 2020. szeptember 19-\u00e9n 15:00-kor ker\u00fcl megtart\u00e1sra a Szentendrei Ferences Gimn\u00e1ziumban (2000 Szentendre \u00c1prily Lajos t\u00e9r 2.)<\/p>\n<p>Tisztelettel: V\u00f6r\u00f6s Bal\u00e1zs<br \/>\n<em>egyes\u00fclet eln\u00f6ke<\/em><\/p>\n<p>&nbsp;<\/p>\n<p><span style=\"color: #ff0000;\"><a style=\"color: #ff0000;\" href=\"https:\/\/ferencesgimnazium.hu\/index.php\/hirek\/\">MEGH\u00cdV\u00d3<\/a><\/span><\/p>\n","protected":false},"excerpt":{"rendered":"<p>A Szentendrei Ferences Gimn\u00e1zium \u00d6regdi\u00e1kjainak Orsz\u00e1gos Egyes\u00fclete vezet\u0151s\u00e9ge t\u00e1j\u00e9koztatja az egyes\u00fcleti tags\u00e1got, minden kedves \u00d6regdi\u00e1kot, hogy a 2020. szeptember 10-\u00e9n [&hellip;]<\/p>\n","protected":false},"author":2,"featured_media":0,"comment_status":"closed","ping_status":"open","sticky":false,"template":"","format":"standard","meta":{"ngg_post_thumbnail":0,"footnotes":""},"categories":[1],"tags":[],"class_list":["post-2655","post","type-post","status-publish","format-standard","hentry","category-egyeb"],"_links":{"self":[{"href":"https:\/\/ferencesgimnazium.hu\/index.php\/wp-json\/wp\/v2\/posts\/2655","targetHints":{"allow":["GET"]}}],"collection":[{"href":"https:\/\/ferencesgimnazium.hu\/index.php\/wp-json\/wp\/v2\/posts"}],"about":[{"href":"https:\/\/ferencesgimnazium.hu\/index.php\/wp-json\/wp\/v2\/types\/post"}],"author":[{"embeddable":true,"href":"https:\/\/ferencesgimnazium.hu\/index.php\/wp-json\/wp\/v2\/users\/2"}],"replies":[{"embeddable":true,"href":"https:\/\/ferencesgimnazium.hu\/index.php\/wp-json\/wp\/v2\/comments?post=2655"}],"version-history":[{"count":3,"href":"https:\/\/ferencesgimnazium.hu\/index.php\/wp-json\/wp\/v2\/posts\/2655\/revisions"}],"predecessor-version":[{"id":2689,"href":"https:\/\/ferencesgimnazium.hu\/index.php\/wp-json\/wp\/v2\/posts\/2655\/revisions\/2689"}],"wp:attachment":[{"href":"https:\/\/ferencesgimnazium.hu\/index.php\/wp-json\/wp\/v2\/media?parent=2655"}],"wp:term":[{"taxonomy":"category","embeddable":true,"href":"https:\/\/ferencesgimnazium.hu\/index.php\/wp-json\/wp\/v2\/categories?post=2655"},{"taxonomy":"post_tag","embeddable":true,"href":"https:\/\/ferencesgimnazium.hu\/index.php\/wp-json\/wp\/v2\/tags?post=2655"}],"curies":[{"name":"wp","href":"https:\/\/api.w.org\/{rel}","templated":true}]}}