{"id":2539,"date":"2020-06-30T12:51:41","date_gmt":"2020-06-30T10:51:41","guid":{"rendered":"https:\/\/ferencesgimnazium.hu\/?p=2539"},"modified":"2020-07-07T15:18:10","modified_gmt":"2020-07-07T13:18:10","slug":"ugyeleti-rend","status":"publish","type":"post","link":"https:\/\/ferencesgimnazium.hu\/index.php\/ugyeleti-rend\/","title":{"rendered":"\u00dcgyeleti rend \u00e9s nyitvatart\u00e1s"},"content":{"rendered":"<p><strong>J\u00falius 2 &#8211;&nbsp; 8-12-ig: B\u00e9cser R\u00f3bert.<\/strong><\/p>\n<p><strong>J\u00falius 15 &#8211;&nbsp; 8-12-ig: Neubrandt Istv\u00e1n.<\/strong><\/p>\n<p><strong>Augusztus 6 &#8211;&nbsp; 8-12-ig: Szil\u00e1gyi Ildik\u00f3.<\/strong><\/p>\n<p>&nbsp;<\/p>\n<p><span style=\"color: #ff0000; font-size: 18pt;\"><strong>Az iskola augusztus elej\u00e9ig z\u00e1rva tart, a porta szolg\u00e1ltat\u00e1s sz\u00fcnetel.<\/strong><\/span><\/p>\n<p>&nbsp;<\/p>\n","protected":false},"excerpt":{"rendered":"<p>J\u00falius 2 &#8211;&nbsp; 8-12-ig: B\u00e9cser R\u00f3bert. J\u00falius 15 &#8211;&nbsp; 8-12-ig: Neubrandt Istv\u00e1n. Augusztus 6 &#8211;&nbsp; 8-12-ig: Szil\u00e1gyi Ildik\u00f3. &nbsp; Az [&hellip;]<\/p>\n","protected":false},"author":2,"featured_media":0,"comment_status":"closed","ping_status":"open","sticky":false,"template":"","format":"standard","meta":{"ngg_post_thumbnail":0,"footnotes":""},"categories":[8],"tags":[],"class_list":["post-2539","post","type-post","status-publish","format-standard","hentry","category-hirek"],"_links":{"self":[{"href":"https:\/\/ferencesgimnazium.hu\/index.php\/wp-json\/wp\/v2\/posts\/2539","targetHints":{"allow":["GET"]}}],"collection":[{"href":"https:\/\/ferencesgimnazium.hu\/index.php\/wp-json\/wp\/v2\/posts"}],"about":[{"href":"https:\/\/ferencesgimnazium.hu\/index.php\/wp-json\/wp\/v2\/types\/post"}],"author":[{"embeddable":true,"href":"https:\/\/ferencesgimnazium.hu\/index.php\/wp-json\/wp\/v2\/users\/2"}],"replies":[{"embeddable":true,"href":"https:\/\/ferencesgimnazium.hu\/index.php\/wp-json\/wp\/v2\/comments?post=2539"}],"version-history":[{"count":5,"href":"https:\/\/ferencesgimnazium.hu\/index.php\/wp-json\/wp\/v2\/posts\/2539\/revisions"}],"predecessor-version":[{"id":2548,"href":"https:\/\/ferencesgimnazium.hu\/index.php\/wp-json\/wp\/v2\/posts\/2539\/revisions\/2548"}],"wp:attachment":[{"href":"https:\/\/ferencesgimnazium.hu\/index.php\/wp-json\/wp\/v2\/media?parent=2539"}],"wp:term":[{"taxonomy":"category","embeddable":true,"href":"https:\/\/ferencesgimnazium.hu\/index.php\/wp-json\/wp\/v2\/categories?post=2539"},{"taxonomy":"post_tag","embeddable":true,"href":"https:\/\/ferencesgimnazium.hu\/index.php\/wp-json\/wp\/v2\/tags?post=2539"}],"curies":[{"name":"wp","href":"https:\/\/api.w.org\/{rel}","templated":true}]}}