{"id":2458,"date":"2023-05-04T11:40:34","date_gmt":"2023-05-04T09:40:34","guid":{"rendered":"https:\/\/ferencesgimnazium.hu\/?p=2458"},"modified":"2023-05-04T11:44:38","modified_gmt":"2023-05-04T09:44:38","slug":"kerjuk-adoja-1-aval-tamogassa-a-jo-remenyseg-alapitvanyt","status":"publish","type":"post","link":"https:\/\/ferencesgimnazium.hu\/index.php\/kerjuk-adoja-1-aval-tamogassa-a-jo-remenyseg-alapitvanyt\/","title":{"rendered":"K\u00e9rj\u00fck, ad\u00f3ja 1%-\u00e1val t\u00e1mogassa a J\u00f3 Rem\u00e9nys\u00e9g Alap\u00edtv\u00e1nyt!"},"content":{"rendered":"<p><a href=\"https:\/\/ferencesgimnazium.hu\/wp-content\/uploads\/2019\/04\/j\u00f3-rem\u00e9nys\u00e9g-ad\u00f3-1.jpg\"><img loading=\"lazy\" decoding=\"async\" class=\"aligncenter wp-image-2081 size-full\" src=\"https:\/\/ferencesgimnazium.hu\/wp-content\/uploads\/2019\/04\/j\u00f3-rem\u00e9nys\u00e9g-ad\u00f3-1.jpg\" alt=\"\" width=\"2100\" height=\"1096\" srcset=\"https:\/\/ferencesgimnazium.hu\/wp-content\/uploads\/2019\/04\/j\u00f3-rem\u00e9nys\u00e9g-ad\u00f3-1.jpg 2100w, https:\/\/ferencesgimnazium.hu\/wp-content\/uploads\/2019\/04\/j\u00f3-rem\u00e9nys\u00e9g-ad\u00f3-1-300x157.jpg 300w, https:\/\/ferencesgimnazium.hu\/wp-content\/uploads\/2019\/04\/j\u00f3-rem\u00e9nys\u00e9g-ad\u00f3-1-768x401.jpg 768w, https:\/\/ferencesgimnazium.hu\/wp-content\/uploads\/2019\/04\/j\u00f3-rem\u00e9nys\u00e9g-ad\u00f3-1-1024x534.jpg 1024w, https:\/\/ferencesgimnazium.hu\/wp-content\/uploads\/2019\/04\/j\u00f3-rem\u00e9nys\u00e9g-ad\u00f3-1-830x433.jpg 830w, https:\/\/ferencesgimnazium.hu\/wp-content\/uploads\/2019\/04\/j\u00f3-rem\u00e9nys\u00e9g-ad\u00f3-1-230x120.jpg 230w, https:\/\/ferencesgimnazium.hu\/wp-content\/uploads\/2019\/04\/j\u00f3-rem\u00e9nys\u00e9g-ad\u00f3-1-350x183.jpg 350w, https:\/\/ferencesgimnazium.hu\/wp-content\/uploads\/2019\/04\/j\u00f3-rem\u00e9nys\u00e9g-ad\u00f3-1-480x251.jpg 480w\" sizes=\"auto, (max-width: 2100px) 100vw, 2100px\" \/><\/a><\/p>\n","protected":false},"excerpt":{"rendered":"","protected":false},"author":2,"featured_media":0,"comment_status":"closed","ping_status":"open","sticky":false,"template":"","format":"standard","meta":{"ngg_post_thumbnail":0,"footnotes":""},"categories":[8],"tags":[],"class_list":["post-2458","post","type-post","status-publish","format-standard","hentry","category-hirek"],"_links":{"self":[{"href":"https:\/\/ferencesgimnazium.hu\/index.php\/wp-json\/wp\/v2\/posts\/2458","targetHints":{"allow":["GET"]}}],"collection":[{"href":"https:\/\/ferencesgimnazium.hu\/index.php\/wp-json\/wp\/v2\/posts"}],"about":[{"href":"https:\/\/ferencesgimnazium.hu\/index.php\/wp-json\/wp\/v2\/types\/post"}],"author":[{"embeddable":true,"href":"https:\/\/ferencesgimnazium.hu\/index.php\/wp-json\/wp\/v2\/users\/2"}],"replies":[{"embeddable":true,"href":"https:\/\/ferencesgimnazium.hu\/index.php\/wp-json\/wp\/v2\/comments?post=2458"}],"version-history":[{"count":1,"href":"https:\/\/ferencesgimnazium.hu\/index.php\/wp-json\/wp\/v2\/posts\/2458\/revisions"}],"predecessor-version":[{"id":2459,"href":"https:\/\/ferencesgimnazium.hu\/index.php\/wp-json\/wp\/v2\/posts\/2458\/revisions\/2459"}],"wp:attachment":[{"href":"https:\/\/ferencesgimnazium.hu\/index.php\/wp-json\/wp\/v2\/media?parent=2458"}],"wp:term":[{"taxonomy":"category","embeddable":true,"href":"https:\/\/ferencesgimnazium.hu\/index.php\/wp-json\/wp\/v2\/categories?post=2458"},{"taxonomy":"post_tag","embeddable":true,"href":"https:\/\/ferencesgimnazium.hu\/index.php\/wp-json\/wp\/v2\/tags?post=2458"}],"curies":[{"name":"wp","href":"https:\/\/api.w.org\/{rel}","templated":true}]}}