{"id":2444,"date":"2020-03-19T16:01:53","date_gmt":"2020-03-19T15:01:53","guid":{"rendered":"https:\/\/ferencesgimnazium.hu\/?p=2444"},"modified":"2020-03-19T16:05:08","modified_gmt":"2020-03-19T15:05:08","slug":"szentmise-kozvetitese-a-ferences-kapolnabol","status":"publish","type":"post","link":"https:\/\/ferencesgimnazium.hu\/index.php\/szentmise-kozvetitese-a-ferences-kapolnabol\/","title":{"rendered":"Szentmise k\u00f6zvet\u00edt\u00e9se a ferences k\u00e1poln\u00e1b\u00f3l"},"content":{"rendered":"<p style=\"text-align: justify;\"><a href=\"https:\/\/ferencesgimnazium.hu\/wp-content\/uploads\/2020\/03\/DSC_0003.jpg\"><img loading=\"lazy\" decoding=\"async\" class=\"alignright wp-image-2447 size-medium\" style=\"margin-left: 15px;\" src=\"https:\/\/ferencesgimnazium.hu\/wp-content\/uploads\/2020\/03\/DSC_0003-300x201.jpg\" alt=\"\" width=\"300\" height=\"201\" srcset=\"https:\/\/ferencesgimnazium.hu\/wp-content\/uploads\/2020\/03\/DSC_0003-300x201.jpg 300w, https:\/\/ferencesgimnazium.hu\/wp-content\/uploads\/2020\/03\/DSC_0003-1024x685.jpg 1024w, https:\/\/ferencesgimnazium.hu\/wp-content\/uploads\/2020\/03\/DSC_0003-768x514.jpg 768w, https:\/\/ferencesgimnazium.hu\/wp-content\/uploads\/2020\/03\/DSC_0003-1536x1028.jpg 1536w, https:\/\/ferencesgimnazium.hu\/wp-content\/uploads\/2020\/03\/DSC_0003-830x555.jpg 830w, https:\/\/ferencesgimnazium.hu\/wp-content\/uploads\/2020\/03\/DSC_0003-230x154.jpg 230w, https:\/\/ferencesgimnazium.hu\/wp-content\/uploads\/2020\/03\/DSC_0003-350x234.jpg 350w, https:\/\/ferencesgimnazium.hu\/wp-content\/uploads\/2020\/03\/DSC_0003-480x321.jpg 480w, https:\/\/ferencesgimnazium.hu\/wp-content\/uploads\/2020\/03\/DSC_0003.jpg 1920w\" sizes=\"auto, (max-width: 300px) 100vw, 300px\" \/><\/a>Kedves Sz\u00fcl\u0151k, kedves Di\u00e1kok!<\/p>\n<p style=\"text-align: justify;\">Minden h\u00e9tk\u00f6znap 18:30-kor, szombaton 16 \u00f3rakor, vas\u00e1rnap pedig 10 \u00f3rakor a szentendrei ferences k\u00f6z\u00f6ss\u00e9g \u00e9l\u0151ben k\u00f6zvet\u00edti <a href=\"https:\/\/www.facebook.com\/fergimszentendre\/\" target=\"_blank\" rel=\"noopener noreferrer\">az iskola Facebook oldal\u00e1n<\/a> a szentmis\u00e9t. Legy\u00fcnk min\u00e9l t\u00f6bben \u00e9s im\u00e1dkozzunk egy\u00fctt iskol\u00e1nk\u00e9rt, haz\u00e1nk\u00e9rt \u00e9s a jelen helyzet miel\u0151bbi megsz\u0171n\u00e9s\u00e9\u00e9rt.<\/p>\n<hr>\n<p><em>Lelki \u00e1ldoz\u00e1s im\u00e1ja:<\/em><br \/>\nUram, J\u00e9zus Krisztus, hiszek Benned, im\u00e1dlak T\u00e9ged<br \/>\n\u00e9s szeretlek T\u00e9ged teljes sz\u00edvemb\u0151l.<br \/>\nB\u00e1nom minden b\u0171n\u00f6met, mert szeretn\u00e9lek<br \/>\nmagamhoz fogadni a szent\u00e1ldoz\u00e1sban,<br \/>\nhogy Veled \u00e9lhessek.<br \/>\nJ\u00f6jj h\u00e1t, \u00f3 J\u00e9zus, legal\u00e1bb l\u00e9lekben k\u00f6lt\u00f6zz a sz\u00edvembe<br \/>\n\u00e9s v\u00e9gy lak\u00e1st benne \u00f6r\u00f6kre!<br \/>\nA mi Urunk, J\u00e9zus Krisztus Teste<br \/>\n\u0151rizzen meg engem az \u00f6r\u00f6k \u00e9letre!<br \/>\nK\u00f6sz\u00f6ntelek, \u00f3 J\u00e9zus, az \u00e9n szeg\u00e9ny sz\u00edvemben.<br \/>\nNeked adom magamat eg\u00e9szen.<br \/>\nTied akarok lenni \u00e9letemben \u00e9s hal\u00e1lom ut\u00e1n is.<br \/>\n\u00c1men.<\/p>\n","protected":false},"excerpt":{"rendered":"<p>Kedves Sz\u00fcl\u0151k, kedves Di\u00e1kok! Minden h\u00e9tk\u00f6znap 18:30-kor, szombaton 16 \u00f3rakor, vas\u00e1rnap pedig 10 \u00f3rakor a szentendrei ferences k\u00f6z\u00f6ss\u00e9g \u00e9l\u0151ben k\u00f6zvet\u00edti [&hellip;]<\/p>\n","protected":false},"author":2,"featured_media":0,"comment_status":"closed","ping_status":"open","sticky":false,"template":"","format":"standard","meta":{"ngg_post_thumbnail":0,"footnotes":""},"categories":[8],"tags":[],"class_list":["post-2444","post","type-post","status-publish","format-standard","hentry","category-hirek"],"_links":{"self":[{"href":"https:\/\/ferencesgimnazium.hu\/index.php\/wp-json\/wp\/v2\/posts\/2444","targetHints":{"allow":["GET"]}}],"collection":[{"href":"https:\/\/ferencesgimnazium.hu\/index.php\/wp-json\/wp\/v2\/posts"}],"about":[{"href":"https:\/\/ferencesgimnazium.hu\/index.php\/wp-json\/wp\/v2\/types\/post"}],"author":[{"embeddable":true,"href":"https:\/\/ferencesgimnazium.hu\/index.php\/wp-json\/wp\/v2\/users\/2"}],"replies":[{"embeddable":true,"href":"https:\/\/ferencesgimnazium.hu\/index.php\/wp-json\/wp\/v2\/comments?post=2444"}],"version-history":[{"count":5,"href":"https:\/\/ferencesgimnazium.hu\/index.php\/wp-json\/wp\/v2\/posts\/2444\/revisions"}],"predecessor-version":[{"id":2450,"href":"https:\/\/ferencesgimnazium.hu\/index.php\/wp-json\/wp\/v2\/posts\/2444\/revisions\/2450"}],"wp:attachment":[{"href":"https:\/\/ferencesgimnazium.hu\/index.php\/wp-json\/wp\/v2\/media?parent=2444"}],"wp:term":[{"taxonomy":"category","embeddable":true,"href":"https:\/\/ferencesgimnazium.hu\/index.php\/wp-json\/wp\/v2\/categories?post=2444"},{"taxonomy":"post_tag","embeddable":true,"href":"https:\/\/ferencesgimnazium.hu\/index.php\/wp-json\/wp\/v2\/tags?post=2444"}],"curies":[{"name":"wp","href":"https:\/\/api.w.org\/{rel}","templated":true}]}}