{"id":2437,"date":"2020-03-14T12:15:36","date_gmt":"2020-03-14T11:15:36","guid":{"rendered":"https:\/\/ferencesgimnazium.hu\/?p=2437"},"modified":"2020-03-14T22:18:28","modified_gmt":"2020-03-14T21:18:28","slug":"felhivas","status":"publish","type":"post","link":"https:\/\/ferencesgimnazium.hu\/index.php\/felhivas\/","title":{"rendered":"Felh\u00edv\u00e1s"},"content":{"rendered":"<p>Tisztelt Sz\u00fcl\u0151k!<\/p>\n<p style=\"text-align: justify;\">Orb\u00e1n Viktor minisztereln\u00f6k ma esti bejelent\u00e9se szerint bez\u00e1rj\u00e1k az iskol\u00e1kat m\u00e1rcius 16-t\u00f3l, h\u00e9tf\u0151t\u0151l kezdve. Tantermen k\u00edv\u00fcli digit\u00e1lis munkarendet vezetnek be, ami azt jelenti, hogy a tanul\u00f3k nem j\u00f6hetnek be az iskol\u00e1ba. Az oktat\u00e1s digit\u00e1lis megszervez\u00e9s\u00e9hez sz\u00fcks\u00e9ges, hogy a di\u00e1kok otthon is haszn\u00e1lhass\u00e1k tank\u00f6nyveiket. Ennek \u00e9rdek\u00e9ben tisztelettel k\u00e9r\u00fcnk mindenkit, gondoskodjon arr\u00f3l, hogy szombat \u00e9s vas\u00e1rnap sor\u00e1n gyermeke minden tanszer\u00e9t (tank\u00f6nyvek, atlaszok) elvigy\u00e9k az iskol\u00e1b\u00f3l. A tornafelszerel\u00e9seket, k\u00f6penyeket is vigy\u00e9k haza, hogy az int\u00e9zm\u00e9nyt megfelel\u0151en tudjuk fert\u0151tlen\u00edteni. A porta mindk\u00e9t nap 8:00 \u00e9s 20:00 \u00f3ra k\u00f6z\u00f6tt nyitva lesz.<br \/>\nTov\u00e1bbi r\u00e9szletes t\u00e1j\u00e9koztat\u00e1st a t\u00e1voktat\u00e1s mik\u00e9ntj\u00e9r\u0151l h\u00e9tf\u0151n tudunk k\u00fcldeni. Ezzel kapcsolatban k\u00e9rem, hogy figyelj\u00e9k honlapunkat vagy Facebook oldalunkat.<\/p>\n<p>\u00dcdv\u00f6zlettel:<br \/>\nP. B\u00e9cser R\u00f3bert OFM<\/p>\n","protected":false},"excerpt":{"rendered":"<p>Tisztelt Sz\u00fcl\u0151k! Orb\u00e1n Viktor minisztereln\u00f6k ma esti bejelent\u00e9se szerint bez\u00e1rj\u00e1k az iskol\u00e1kat m\u00e1rcius 16-t\u00f3l, h\u00e9tf\u0151t\u0151l kezdve. Tantermen k\u00edv\u00fcli digit\u00e1lis munkarendet [&hellip;]<\/p>\n","protected":false},"author":2,"featured_media":0,"comment_status":"closed","ping_status":"open","sticky":false,"template":"","format":"standard","meta":{"ngg_post_thumbnail":0,"footnotes":""},"categories":[1],"tags":[],"class_list":["post-2437","post","type-post","status-publish","format-standard","hentry","category-egyeb"],"_links":{"self":[{"href":"https:\/\/ferencesgimnazium.hu\/index.php\/wp-json\/wp\/v2\/posts\/2437","targetHints":{"allow":["GET"]}}],"collection":[{"href":"https:\/\/ferencesgimnazium.hu\/index.php\/wp-json\/wp\/v2\/posts"}],"about":[{"href":"https:\/\/ferencesgimnazium.hu\/index.php\/wp-json\/wp\/v2\/types\/post"}],"author":[{"embeddable":true,"href":"https:\/\/ferencesgimnazium.hu\/index.php\/wp-json\/wp\/v2\/users\/2"}],"replies":[{"embeddable":true,"href":"https:\/\/ferencesgimnazium.hu\/index.php\/wp-json\/wp\/v2\/comments?post=2437"}],"version-history":[{"count":1,"href":"https:\/\/ferencesgimnazium.hu\/index.php\/wp-json\/wp\/v2\/posts\/2437\/revisions"}],"predecessor-version":[{"id":2438,"href":"https:\/\/ferencesgimnazium.hu\/index.php\/wp-json\/wp\/v2\/posts\/2437\/revisions\/2438"}],"wp:attachment":[{"href":"https:\/\/ferencesgimnazium.hu\/index.php\/wp-json\/wp\/v2\/media?parent=2437"}],"wp:term":[{"taxonomy":"category","embeddable":true,"href":"https:\/\/ferencesgimnazium.hu\/index.php\/wp-json\/wp\/v2\/categories?post=2437"},{"taxonomy":"post_tag","embeddable":true,"href":"https:\/\/ferencesgimnazium.hu\/index.php\/wp-json\/wp\/v2\/tags?post=2437"}],"curies":[{"name":"wp","href":"https:\/\/api.w.org\/{rel}","templated":true}]}}