{"id":2419,"date":"2020-03-05T16:02:37","date_gmt":"2020-03-05T15:02:37","guid":{"rendered":"https:\/\/ferencesgimnazium.hu\/?p=2419"},"modified":"2020-03-12T16:03:59","modified_gmt":"2020-03-12T15:03:59","slug":"istvan-a-kiraly-film-szavazas","status":"publish","type":"post","link":"https:\/\/ferencesgimnazium.hu\/index.php\/istvan-a-kiraly-film-szavazas\/","title":{"rendered":"Istv\u00e1n, a kir\u00e1ly film &#8211; szavaz\u00e1s"},"content":{"rendered":"<p>Kedves Sz\u00fcl\u0151k!<\/p>\n<p style=\"text-align: justify;\">A 9.b oszt\u00e1lya \u00e9s a nyolcadikosok k\u00f6z\u00fcl a b\u00e1trabbak elindultak egy tehets\u00e9gkutat\u00f3 versenyen, amiben az Istv\u00e1n, a kir\u00e1ly rockopera egyik r\u00e9sz\u00e9t kellett megfilmes\u00edteni. A fiatalok munk\u00e1ja az eg\u00e9sz film, minim\u00e1lis tan\u00e1ri seg\u00edts\u00e9ggel. \u00c9ppen ez\u00e9rt, k\u00e9rem \u00d6n\u00f6ket, hogy az al\u00e1bbi linken szavazzanak, \u00e9s maxim\u00e1lis pontsz\u00e1mmal t\u00e1mogass\u00e1k a di\u00e1kjainkat. A t\u00e9t nagy: ha tov\u00e1bbjutunk, \u00fajra forgathatjuk a filmet. A gy\u0151ztes csapat pedig egy nagysz\u00ednpadon is bemutathatja a produkci\u00f3j\u00e1t \u00e9s m\u00e9g egy jelent\u0151s \u00f6sszeget is kap. Szavazni m\u00e1rcius 19-ig lehet.<\/p>\n<p style=\"text-align: justify;\">A szavaz\u00e1s linkje:<br \/>\n<a href=\"https:\/\/www.iskolasistvan.hu\/szavazas\/151\" target=\"_blank\" rel=\"noopener noreferrer\">https:\/\/www.iskolasistvan.hu\/szavazas\/151<\/a><\/p>\n<p>A csapat nev\u00e9ben k\u00f6sz\u00f6nettel: Szak\u00e1cs \u00c1ron<\/p>\n","protected":false},"excerpt":{"rendered":"<p>Kedves Sz\u00fcl\u0151k! A 9.b oszt\u00e1lya \u00e9s a nyolcadikosok k\u00f6z\u00fcl a b\u00e1trabbak elindultak egy tehets\u00e9gkutat\u00f3 versenyen, amiben az Istv\u00e1n, a kir\u00e1ly [&hellip;]<\/p>\n","protected":false},"author":2,"featured_media":0,"comment_status":"closed","ping_status":"open","sticky":false,"template":"","format":"standard","meta":{"ngg_post_thumbnail":0,"footnotes":""},"categories":[8],"tags":[],"class_list":["post-2419","post","type-post","status-publish","format-standard","hentry","category-hirek"],"_links":{"self":[{"href":"https:\/\/ferencesgimnazium.hu\/index.php\/wp-json\/wp\/v2\/posts\/2419","targetHints":{"allow":["GET"]}}],"collection":[{"href":"https:\/\/ferencesgimnazium.hu\/index.php\/wp-json\/wp\/v2\/posts"}],"about":[{"href":"https:\/\/ferencesgimnazium.hu\/index.php\/wp-json\/wp\/v2\/types\/post"}],"author":[{"embeddable":true,"href":"https:\/\/ferencesgimnazium.hu\/index.php\/wp-json\/wp\/v2\/users\/2"}],"replies":[{"embeddable":true,"href":"https:\/\/ferencesgimnazium.hu\/index.php\/wp-json\/wp\/v2\/comments?post=2419"}],"version-history":[{"count":1,"href":"https:\/\/ferencesgimnazium.hu\/index.php\/wp-json\/wp\/v2\/posts\/2419\/revisions"}],"predecessor-version":[{"id":2420,"href":"https:\/\/ferencesgimnazium.hu\/index.php\/wp-json\/wp\/v2\/posts\/2419\/revisions\/2420"}],"wp:attachment":[{"href":"https:\/\/ferencesgimnazium.hu\/index.php\/wp-json\/wp\/v2\/media?parent=2419"}],"wp:term":[{"taxonomy":"category","embeddable":true,"href":"https:\/\/ferencesgimnazium.hu\/index.php\/wp-json\/wp\/v2\/categories?post=2419"},{"taxonomy":"post_tag","embeddable":true,"href":"https:\/\/ferencesgimnazium.hu\/index.php\/wp-json\/wp\/v2\/tags?post=2419"}],"curies":[{"name":"wp","href":"https:\/\/api.w.org\/{rel}","templated":true}]}}