{"id":2417,"date":"2020-03-12T16:02:13","date_gmt":"2020-03-12T15:02:13","guid":{"rendered":"https:\/\/ferencesgimnazium.hu\/?p=2417"},"modified":"2020-03-12T16:02:31","modified_gmt":"2020-03-12T15:02:31","slug":"ideiglenes-felveteli-jegyzek","status":"publish","type":"post","link":"https:\/\/ferencesgimnazium.hu\/index.php\/ideiglenes-felveteli-jegyzek\/","title":{"rendered":"Ideiglenes felv\u00e9teli jegyz\u00e9k"},"content":{"rendered":"<p>Tisztelt Sz\u00fcl\u0151k, Kedves Di\u00e1kok!<\/p>\n<p>Az ideiglenes felv\u00e9teli jegyz\u00e9kek itt \u00e9rhet\u0151ek el:<\/p>\n<p><strong><span style=\"color: #ff0000;\"><a style=\"color: #ff0000;\" href=\"https:\/\/drive.google.com\/open?id=16UQKQZoyLndO8E0Wvsa-oZU1to2dDRMH\" target=\"_blank\" rel=\"noopener noreferrer\">4 \u00e9vfolyamos k\u00e9pz\u00e9s<\/a><\/span><\/strong><\/p>\n<p><strong><span style=\"color: #ff0000;\"><a style=\"color: #ff0000;\" href=\"https:\/\/drive.google.com\/a\/ferencesgimnazium.hu\/file\/d\/1AfgfVnMxCwianS9vST_7S1uSgWfXcyHV\/view?usp=sharing\" target=\"_blank\" rel=\"noopener noreferrer\">6 \u00e9vfolyamos k\u00e9pz\u00e9s<\/a><\/span><\/strong><\/p>\n<p>B\u00e9cser R\u00f3bert<br \/>\nigazgat\u00f3<\/p>\n","protected":false},"excerpt":{"rendered":"<p>Tisztelt Sz\u00fcl\u0151k, Kedves Di\u00e1kok! Az ideiglenes felv\u00e9teli jegyz\u00e9kek itt \u00e9rhet\u0151ek el: 4 \u00e9vfolyamos k\u00e9pz\u00e9s 6 \u00e9vfolyamos k\u00e9pz\u00e9s B\u00e9cser R\u00f3bert igazgat\u00f3<\/p>\n","protected":false},"author":2,"featured_media":0,"comment_status":"closed","ping_status":"open","sticky":false,"template":"","format":"standard","meta":{"ngg_post_thumbnail":0,"footnotes":""},"categories":[8],"tags":[],"class_list":["post-2417","post","type-post","status-publish","format-standard","hentry","category-hirek"],"_links":{"self":[{"href":"https:\/\/ferencesgimnazium.hu\/index.php\/wp-json\/wp\/v2\/posts\/2417","targetHints":{"allow":["GET"]}}],"collection":[{"href":"https:\/\/ferencesgimnazium.hu\/index.php\/wp-json\/wp\/v2\/posts"}],"about":[{"href":"https:\/\/ferencesgimnazium.hu\/index.php\/wp-json\/wp\/v2\/types\/post"}],"author":[{"embeddable":true,"href":"https:\/\/ferencesgimnazium.hu\/index.php\/wp-json\/wp\/v2\/users\/2"}],"replies":[{"embeddable":true,"href":"https:\/\/ferencesgimnazium.hu\/index.php\/wp-json\/wp\/v2\/comments?post=2417"}],"version-history":[{"count":1,"href":"https:\/\/ferencesgimnazium.hu\/index.php\/wp-json\/wp\/v2\/posts\/2417\/revisions"}],"predecessor-version":[{"id":2418,"href":"https:\/\/ferencesgimnazium.hu\/index.php\/wp-json\/wp\/v2\/posts\/2417\/revisions\/2418"}],"wp:attachment":[{"href":"https:\/\/ferencesgimnazium.hu\/index.php\/wp-json\/wp\/v2\/media?parent=2417"}],"wp:term":[{"taxonomy":"category","embeddable":true,"href":"https:\/\/ferencesgimnazium.hu\/index.php\/wp-json\/wp\/v2\/categories?post=2417"},{"taxonomy":"post_tag","embeddable":true,"href":"https:\/\/ferencesgimnazium.hu\/index.php\/wp-json\/wp\/v2\/tags?post=2417"}],"curies":[{"name":"wp","href":"https:\/\/api.w.org\/{rel}","templated":true}]}}