{"id":2370,"date":"2019-09-10T17:24:56","date_gmt":"2019-09-10T15:24:56","guid":{"rendered":"https:\/\/ferencesgimnazium.hu\/?p=2370"},"modified":"2019-09-10T17:24:56","modified_gmt":"2019-09-10T15:24:56","slug":"velemenyed-a-2019-2020-as-tanev-oszi-lelkigyakorlatarol-es-a-temanapokrol","status":"publish","type":"post","link":"https:\/\/ferencesgimnazium.hu\/index.php\/velemenyed-a-2019-2020-as-tanev-oszi-lelkigyakorlatarol-es-a-temanapokrol\/","title":{"rendered":"V\u00e9lem\u00e9nyed a 2019-2020-as tan\u00e9v \u0151szi lelkigyakorlat\u00e1r\u00f3l \u00e9s a t\u00e9manapokr\u00f3l"},"content":{"rendered":"<p>Kedves Di\u00e1kok!<\/p>\n<p>K\u00e9rj\u00fck az al\u00e1bbi<a href=\"https:\/\/ferencesgimnazium.hu\/index.php\/velemenyed-a-2018-2019-es-tanev-oszi-lelkigyakorlatarol-diakoknak\/\"> linken<\/a> a saj\u00e1t oszt\u00e1lyotokn\u00e1l \u00e9rt\u00e9kelj\u00e9tek az \u0151szi lelkigyakorlatot \u00e9s a t\u00e9manapokat.<\/p>\n<p>K\u00f6sz\u00f6nj\u00fck seg\u00edts\u00e9ged!<\/p>\n","protected":false},"excerpt":{"rendered":"<p>Kedves Di\u00e1kok! K\u00e9rj\u00fck az al\u00e1bbi linken a saj\u00e1t oszt\u00e1lyotokn\u00e1l \u00e9rt\u00e9kelj\u00e9tek az \u0151szi lelkigyakorlatot \u00e9s a t\u00e9manapokat. K\u00f6sz\u00f6nj\u00fck seg\u00edts\u00e9ged!<\/p>\n","protected":false},"author":2,"featured_media":0,"comment_status":"closed","ping_status":"open","sticky":false,"template":"","format":"standard","meta":{"ngg_post_thumbnail":0,"footnotes":""},"categories":[1],"tags":[],"class_list":["post-2370","post","type-post","status-publish","format-standard","hentry","category-egyeb"],"_links":{"self":[{"href":"https:\/\/ferencesgimnazium.hu\/index.php\/wp-json\/wp\/v2\/posts\/2370","targetHints":{"allow":["GET"]}}],"collection":[{"href":"https:\/\/ferencesgimnazium.hu\/index.php\/wp-json\/wp\/v2\/posts"}],"about":[{"href":"https:\/\/ferencesgimnazium.hu\/index.php\/wp-json\/wp\/v2\/types\/post"}],"author":[{"embeddable":true,"href":"https:\/\/ferencesgimnazium.hu\/index.php\/wp-json\/wp\/v2\/users\/2"}],"replies":[{"embeddable":true,"href":"https:\/\/ferencesgimnazium.hu\/index.php\/wp-json\/wp\/v2\/comments?post=2370"}],"version-history":[{"count":1,"href":"https:\/\/ferencesgimnazium.hu\/index.php\/wp-json\/wp\/v2\/posts\/2370\/revisions"}],"predecessor-version":[{"id":2371,"href":"https:\/\/ferencesgimnazium.hu\/index.php\/wp-json\/wp\/v2\/posts\/2370\/revisions\/2371"}],"wp:attachment":[{"href":"https:\/\/ferencesgimnazium.hu\/index.php\/wp-json\/wp\/v2\/media?parent=2370"}],"wp:term":[{"taxonomy":"category","embeddable":true,"href":"https:\/\/ferencesgimnazium.hu\/index.php\/wp-json\/wp\/v2\/categories?post=2370"},{"taxonomy":"post_tag","embeddable":true,"href":"https:\/\/ferencesgimnazium.hu\/index.php\/wp-json\/wp\/v2\/tags?post=2370"}],"curies":[{"name":"wp","href":"https:\/\/api.w.org\/{rel}","templated":true}]}}