{"id":2290,"date":"2019-08-21T20:03:11","date_gmt":"2019-08-21T18:03:11","guid":{"rendered":"https:\/\/ferencesgimnazium.hu\/?p=2290"},"modified":"2019-08-21T20:10:27","modified_gmt":"2019-08-21T18:10:27","slug":"tankonyvosztas-rendje","status":"publish","type":"post","link":"https:\/\/ferencesgimnazium.hu\/index.php\/tankonyvosztas-rendje\/","title":{"rendered":"Tank\u00f6nyvoszt\u00e1s rendje"},"content":{"rendered":"<p>Kedves Di\u00e1kok!<\/p>\n<p>K\u00e9r\u00fcnk benneteket, hogy az al\u00e1bbi id\u0151pontban gyertek \u00e1tvenni a tank\u00f6nyveket:<\/p>\n<p><span style=\"text-decoration: underline;\">augusztus 28., szerda:<\/span><\/p>\n<ul style=\"list-style-type: circle;\">\n<li>9-t\u0151l 11 \u00f3r\u00e1ig:<strong> 8. a, b<\/strong> oszt\u00e1lyok <em>&#8211; (emelet)<\/em><\/li>\n<li>11-t\u0151l 13 \u00f3r\u00e1ig: <strong>9. a, b<\/strong> oszt\u00e1lyok <em>&#8211; (emelet)<\/em><\/li>\n<\/ul>\n<p>&nbsp;<\/p>\n<p><span style=\"text-decoration: underline;\">augusztus 29., cs\u00fct\u00f6rt\u00f6k:<\/span><\/p>\n<ul style=\"list-style-type: circle;\">\n<li>9-t\u0151l 12 \u00f3r\u00e1ig: <strong>10. a, b, c<\/strong> oszt\u00e1lyok <em>&#8211; (f\u00f6ldszint)<\/em><\/li>\n<li>12-t\u0151l 13:30 \u00f3r\u00e1ig: <strong>11. c<\/strong> oszt\u00e1ly <em>&#8211; (f\u00f6ldszint)<\/em><\/li>\n<\/ul>\n<p>&nbsp;<\/p>\n<p><span style=\"text-decoration: underline;\">augusztus 30., p\u00e9ntek:<\/span><\/p>\n<ul style=\"list-style-type: circle;\">\n<li>9-t\u0151l 11 \u00f3r\u00e1ig <strong>11. a, b<\/strong> oszt\u00e1ly <em>&#8211; (f\u00f6ldszint)<\/em><\/li>\n<li>11-t\u0151l 13:30 \u00f3r\u00e1ig :<strong> 12. a, b, c<\/strong> oszt\u00e1lyok <em>&#8211; (f\u00f6ldszint)<\/em><\/li>\n<\/ul>\n<p>&nbsp;<\/p>\n<p><span style=\"text-decoration: underline;\">szeptember 2.h\u00e9tf\u0151:<\/span><\/p>\n<ul style=\"list-style-type: circle;\">\n<li>10-t\u0151l 11 \u00f3r\u00e1ig: <strong>7. a<\/strong> oszt\u00e1ly <em>&#8211; (emelet)<\/em><\/li>\n<li>11-t\u0151l 12 \u00f3r\u00e1ig: <strong>7. b<\/strong> oszt\u00e1ly <em>&#8211; (emelet)<\/em><\/li>\n<li>12-t\u0151l 13 \u00f3r\u00e1ig: <strong>9. c<\/strong> oszt\u00e1ly <em>&#8211; (emelet)<\/em><\/li>\n<\/ul>\n<p>&nbsp;<\/p>\n<p><strong>Helye: K\u00f6nyvt\u00e1r \u00e9p\u00fclete.<\/strong><\/p>\n<p>K\u00f6sz\u00f6nettel:<br \/>\na k\u00f6nyvt\u00e1r munkat\u00e1rsai<\/p>\n","protected":false},"excerpt":{"rendered":"<p>Kedves Di\u00e1kok! K\u00e9r\u00fcnk benneteket, hogy az al\u00e1bbi id\u0151pontban gyertek \u00e1tvenni a tank\u00f6nyveket: augusztus 28., szerda: 9-t\u0151l 11 \u00f3r\u00e1ig: 8. a, [&hellip;]<\/p>\n","protected":false},"author":2,"featured_media":0,"comment_status":"closed","ping_status":"open","sticky":false,"template":"","format":"standard","meta":{"ngg_post_thumbnail":0,"footnotes":""},"categories":[8],"tags":[],"class_list":["post-2290","post","type-post","status-publish","format-standard","hentry","category-hirek"],"_links":{"self":[{"href":"https:\/\/ferencesgimnazium.hu\/index.php\/wp-json\/wp\/v2\/posts\/2290","targetHints":{"allow":["GET"]}}],"collection":[{"href":"https:\/\/ferencesgimnazium.hu\/index.php\/wp-json\/wp\/v2\/posts"}],"about":[{"href":"https:\/\/ferencesgimnazium.hu\/index.php\/wp-json\/wp\/v2\/types\/post"}],"author":[{"embeddable":true,"href":"https:\/\/ferencesgimnazium.hu\/index.php\/wp-json\/wp\/v2\/users\/2"}],"replies":[{"embeddable":true,"href":"https:\/\/ferencesgimnazium.hu\/index.php\/wp-json\/wp\/v2\/comments?post=2290"}],"version-history":[{"count":3,"href":"https:\/\/ferencesgimnazium.hu\/index.php\/wp-json\/wp\/v2\/posts\/2290\/revisions"}],"predecessor-version":[{"id":2293,"href":"https:\/\/ferencesgimnazium.hu\/index.php\/wp-json\/wp\/v2\/posts\/2290\/revisions\/2293"}],"wp:attachment":[{"href":"https:\/\/ferencesgimnazium.hu\/index.php\/wp-json\/wp\/v2\/media?parent=2290"}],"wp:term":[{"taxonomy":"category","embeddable":true,"href":"https:\/\/ferencesgimnazium.hu\/index.php\/wp-json\/wp\/v2\/categories?post=2290"},{"taxonomy":"post_tag","embeddable":true,"href":"https:\/\/ferencesgimnazium.hu\/index.php\/wp-json\/wp\/v2\/tags?post=2290"}],"curies":[{"name":"wp","href":"https:\/\/api.w.org\/{rel}","templated":true}]}}