{"id":2247,"date":"2019-08-13T20:46:11","date_gmt":"2019-08-13T18:46:11","guid":{"rendered":"https:\/\/ferencesgimnazium.hu\/?p=2247"},"modified":"2019-08-13T20:47:05","modified_gmt":"2019-08-13T18:47:05","slug":"veni-sancte","status":"publish","type":"post","link":"https:\/\/ferencesgimnazium.hu\/index.php\/veni-sancte\/","title":{"rendered":"Veni Sancte"},"content":{"rendered":"<p>Kedves Sz\u00fcl\u0151k \u00e9s Di\u00e1kok!<\/p>\n<p>Veni Sancte szentmis\u00e9nk 2019. szeptember 2-\u00e1n, 9 \u00f3rakor kezd\u0151dik.<\/p>\n<p><img loading=\"lazy\" decoding=\"async\" class=\"alignleft wp-image-2248\" src=\"https:\/\/ferencesgimnazium.hu\/wp-content\/uploads\/2019\/08\/A-Szentl\u00e9lek-7-aj\u00e1nd\u00e9ka-compressor-1-300x157.jpg\" alt=\"\" width=\"500\" height=\"262\" srcset=\"https:\/\/ferencesgimnazium.hu\/wp-content\/uploads\/2019\/08\/A-Szentl\u00e9lek-7-aj\u00e1nd\u00e9ka-compressor-1-300x157.jpg 300w, https:\/\/ferencesgimnazium.hu\/wp-content\/uploads\/2019\/08\/A-Szentl\u00e9lek-7-aj\u00e1nd\u00e9ka-compressor-1-768x402.jpg 768w, https:\/\/ferencesgimnazium.hu\/wp-content\/uploads\/2019\/08\/A-Szentl\u00e9lek-7-aj\u00e1nd\u00e9ka-compressor-1-1024x536.jpg 1024w, https:\/\/ferencesgimnazium.hu\/wp-content\/uploads\/2019\/08\/A-Szentl\u00e9lek-7-aj\u00e1nd\u00e9ka-compressor-1-830x434.jpg 830w, https:\/\/ferencesgimnazium.hu\/wp-content\/uploads\/2019\/08\/A-Szentl\u00e9lek-7-aj\u00e1nd\u00e9ka-compressor-1-230x120.jpg 230w, https:\/\/ferencesgimnazium.hu\/wp-content\/uploads\/2019\/08\/A-Szentl\u00e9lek-7-aj\u00e1nd\u00e9ka-compressor-1-350x183.jpg 350w, https:\/\/ferencesgimnazium.hu\/wp-content\/uploads\/2019\/08\/A-Szentl\u00e9lek-7-aj\u00e1nd\u00e9ka-compressor-1-480x251.jpg 480w, https:\/\/ferencesgimnazium.hu\/wp-content\/uploads\/2019\/08\/A-Szentl\u00e9lek-7-aj\u00e1nd\u00e9ka-compressor-1.jpg 1200w\" sizes=\"auto, (max-width: 500px) 100vw, 500px\" \/><\/p>\n","protected":false},"excerpt":{"rendered":"<p>Kedves Sz\u00fcl\u0151k \u00e9s Di\u00e1kok! Veni Sancte szentmis\u00e9nk 2019. szeptember 2-\u00e1n, 9 \u00f3rakor kezd\u0151dik.<\/p>\n","protected":false},"author":2,"featured_media":0,"comment_status":"closed","ping_status":"open","sticky":false,"template":"","format":"standard","meta":{"ngg_post_thumbnail":0,"footnotes":""},"categories":[8],"tags":[],"class_list":["post-2247","post","type-post","status-publish","format-standard","hentry","category-hirek"],"_links":{"self":[{"href":"https:\/\/ferencesgimnazium.hu\/index.php\/wp-json\/wp\/v2\/posts\/2247","targetHints":{"allow":["GET"]}}],"collection":[{"href":"https:\/\/ferencesgimnazium.hu\/index.php\/wp-json\/wp\/v2\/posts"}],"about":[{"href":"https:\/\/ferencesgimnazium.hu\/index.php\/wp-json\/wp\/v2\/types\/post"}],"author":[{"embeddable":true,"href":"https:\/\/ferencesgimnazium.hu\/index.php\/wp-json\/wp\/v2\/users\/2"}],"replies":[{"embeddable":true,"href":"https:\/\/ferencesgimnazium.hu\/index.php\/wp-json\/wp\/v2\/comments?post=2247"}],"version-history":[{"count":3,"href":"https:\/\/ferencesgimnazium.hu\/index.php\/wp-json\/wp\/v2\/posts\/2247\/revisions"}],"predecessor-version":[{"id":2251,"href":"https:\/\/ferencesgimnazium.hu\/index.php\/wp-json\/wp\/v2\/posts\/2247\/revisions\/2251"}],"wp:attachment":[{"href":"https:\/\/ferencesgimnazium.hu\/index.php\/wp-json\/wp\/v2\/media?parent=2247"}],"wp:term":[{"taxonomy":"category","embeddable":true,"href":"https:\/\/ferencesgimnazium.hu\/index.php\/wp-json\/wp\/v2\/categories?post=2247"},{"taxonomy":"post_tag","embeddable":true,"href":"https:\/\/ferencesgimnazium.hu\/index.php\/wp-json\/wp\/v2\/tags?post=2247"}],"curies":[{"name":"wp","href":"https:\/\/api.w.org\/{rel}","templated":true}]}}