{"id":2029,"date":"2019-03-21T09:52:05","date_gmt":"2019-03-21T08:52:05","guid":{"rendered":"https:\/\/ferencesgimnazium.hu\/?p=2029"},"modified":"2019-03-21T09:56:59","modified_gmt":"2019-03-21T08:56:59","slug":"paksi-atomeromu-latogatas","status":"publish","type":"post","link":"https:\/\/ferencesgimnazium.hu\/index.php\/paksi-atomeromu-latogatas\/","title":{"rendered":"L\u00e1togat\u00e1s a paksi atomer\u0151m\u0171ben"},"content":{"rendered":"<p style=\"text-align: justify;\"><a href=\"https:\/\/ferencesgimnazium.hu\/wp-content\/uploads\/2019\/03\/paks.png\"><img loading=\"lazy\" decoding=\"async\" class=\"alignleft wp-image-2030 size-medium\" style=\"margin-right: 40px;\" src=\"https:\/\/ferencesgimnazium.hu\/wp-content\/uploads\/2019\/03\/paks-300x169.png\" alt=\"\" width=\"300\" height=\"169\" srcset=\"https:\/\/ferencesgimnazium.hu\/wp-content\/uploads\/2019\/03\/paks-300x169.png 300w, https:\/\/ferencesgimnazium.hu\/wp-content\/uploads\/2019\/03\/paks-768x432.png 768w, https:\/\/ferencesgimnazium.hu\/wp-content\/uploads\/2019\/03\/paks-1024x577.png 1024w, https:\/\/ferencesgimnazium.hu\/wp-content\/uploads\/2019\/03\/paks-830x467.png 830w, https:\/\/ferencesgimnazium.hu\/wp-content\/uploads\/2019\/03\/paks-230x129.png 230w, https:\/\/ferencesgimnazium.hu\/wp-content\/uploads\/2019\/03\/paks-350x197.png 350w, https:\/\/ferencesgimnazium.hu\/wp-content\/uploads\/2019\/03\/paks-480x270.png 480w, https:\/\/ferencesgimnazium.hu\/wp-content\/uploads\/2019\/03\/paks.png 1309w\" sizes=\"auto, (max-width: 300px) 100vw, 300px\" \/><\/a>2019. m\u00e1rcius 5-\u00e9n az iskola 11. \u00e9s 12. \u00e9vfolyam\u00e1nak faktosaival (\u00e9s m\u00e9g n\u00e9h\u00e1ny lelkes \u00e9rdekl\u0151d\u0151vel) megl\u00e1togattuk a paksi atomer\u0151m\u0171vet. A korai indul\u00e1s ut\u00e1n 10 \u00f3ra k\u00f6r\u00fcl \u00e9rkezt\u00fcnk Paksra.<br \/>\nA biztons\u00e1gi ellen\u0151rz\u00e9s ut\u00e1n megkezd\u0151d\u00f6tt kis t\u00far\u00e1nk. Kaptunk v\u00e9d\u0151sisakokat illetve egy fiatal vezet\u0151t, akinek az ir\u00e1ny\u00edt\u00e1s\u00e1val a reaktorcsarnok l\u00e1togat\u00f3 folyos\u00f3j\u00e1n, \u00fcvegfalon kereszt\u00fcl l\u00e1thattuk a reaktor tetej\u00e9t. Ott helyben el is magyar\u00e1zta nek\u00fcnk, \u00e1bra seg\u00edts\u00e9g\u00e9vel, az eg\u00e9sz atomer\u0151m\u0171 m\u0171k\u00f6d\u00e9s\u00e9t. Majd tov\u00e1bb v\u00e1ndoroltunk lejjebbi szintekre, ahol f\u00fcldug\u00f3-oszt\u00e1sra ker\u00fclt sor. \u00cdgy m\u00e1r a zajra felk\u00e9sz\u00fclve vezettek be minket a turbinah\u00e1zba, ami egy hatalmas, t\u00f6bbszintes csarnok volt, val\u00f3ban er\u0151s zajjal. Itt \u201ek\u00e9sz\u00fcl az \u00e1ram\u201d az \u00f3ri\u00e1si g\u0151zturbin\u00e1k \u00e1ltal.<br \/>\nEzek ut\u00e1n visszaindultunk \u00e9s a l\u00e1togat\u00f3k\u00f6zpontban egy kis atomer\u0151m\u0171-t\u00f6rt\u00e9nelmet is hallgathattunk, n\u00e9h\u00e1ny \u00e9rdekes t\u00e9nyt is megtudtunk a vil\u00e1g er\u0151m\u0171veir\u0151l. Ezen t\u00fal bevezettek minket a maghasad\u00e1s \u00e9s a l\u00e1ncreakci\u00f3 rejtelmeibe, illetve vezet\u0151nk mutatott m\u00e9g egy h\u00e1tt\u00e9rsug\u00e1rz\u00e1s-kimutat\u00f3t, ami az \u0171rb\u0151l \u00e9rkez\u0151 \u03b1- \u00e9s \u03b2-sug\u00e1rz\u00e1sokat tette l\u00e1that\u00f3v\u00e1. Tov\u00e1bb\u00e1 megtudtuk, mi\u00e9rt biztons\u00e1gosabb a paksi atomer\u0151m\u0171, mint csernobili volt. Ezzel a vezet\u00e9s\u00fcnk v\u00e9get is \u00e9rt.<br \/>\nHazafele a pizz\u00e1z\u00f3ban t\u00e1rt karokkal fogadtak benn\u00fcnket, meg persze rengeteg pizz\u00e1val \u00e9s ketchuppal. Miut\u00e1n megeb\u00e9delt\u00fcnk teli hassal indultunk haza, \u00e9s \u00e9rkezt\u00fcnk 5 \u00f3r\u00e1ra Szentendr\u00e9re.<\/p>\n<p>&nbsp;<\/p>\n","protected":false},"excerpt":{"rendered":"<p>2019. m\u00e1rcius 5-\u00e9n az iskola 11. \u00e9s 12. \u00e9vfolyam\u00e1nak faktosaival (\u00e9s m\u00e9g n\u00e9h\u00e1ny lelkes \u00e9rdekl\u0151d\u0151vel) megl\u00e1togattuk a paksi atomer\u0151m\u0171vet. A [&hellip;]<\/p>\n","protected":false},"author":2,"featured_media":0,"comment_status":"closed","ping_status":"open","sticky":false,"template":"","format":"standard","meta":{"ngg_post_thumbnail":0,"footnotes":""},"categories":[11,8],"tags":[],"class_list":["post-2029","post","type-post","status-publish","format-standard","hentry","category-buszkesegeink","category-hirek"],"_links":{"self":[{"href":"https:\/\/ferencesgimnazium.hu\/index.php\/wp-json\/wp\/v2\/posts\/2029","targetHints":{"allow":["GET"]}}],"collection":[{"href":"https:\/\/ferencesgimnazium.hu\/index.php\/wp-json\/wp\/v2\/posts"}],"about":[{"href":"https:\/\/ferencesgimnazium.hu\/index.php\/wp-json\/wp\/v2\/types\/post"}],"author":[{"embeddable":true,"href":"https:\/\/ferencesgimnazium.hu\/index.php\/wp-json\/wp\/v2\/users\/2"}],"replies":[{"embeddable":true,"href":"https:\/\/ferencesgimnazium.hu\/index.php\/wp-json\/wp\/v2\/comments?post=2029"}],"version-history":[{"count":5,"href":"https:\/\/ferencesgimnazium.hu\/index.php\/wp-json\/wp\/v2\/posts\/2029\/revisions"}],"predecessor-version":[{"id":2037,"href":"https:\/\/ferencesgimnazium.hu\/index.php\/wp-json\/wp\/v2\/posts\/2029\/revisions\/2037"}],"wp:attachment":[{"href":"https:\/\/ferencesgimnazium.hu\/index.php\/wp-json\/wp\/v2\/media?parent=2029"}],"wp:term":[{"taxonomy":"category","embeddable":true,"href":"https:\/\/ferencesgimnazium.hu\/index.php\/wp-json\/wp\/v2\/categories?post=2029"},{"taxonomy":"post_tag","embeddable":true,"href":"https:\/\/ferencesgimnazium.hu\/index.php\/wp-json\/wp\/v2\/tags?post=2029"}],"curies":[{"name":"wp","href":"https:\/\/api.w.org\/{rel}","templated":true}]}}