{"id":1866,"date":"2019-01-17T12:11:51","date_gmt":"2019-01-17T11:11:51","guid":{"rendered":"https:\/\/ferencesgimnazium.hu\/?p=1866"},"modified":"2019-01-17T17:45:40","modified_gmt":"2019-01-17T16:45:40","slug":"kozponti-irasbeli-felveteli","status":"publish","type":"post","link":"https:\/\/ferencesgimnazium.hu\/index.php\/kozponti-irasbeli-felveteli\/","title":{"rendered":"K\u00f6zponti \u00edr\u00e1sbeli felv\u00e9teli"},"content":{"rendered":"<p>Kedves Sz\u00fcl\u0151k \u00e9s felv\u00e9teliz\u0151 Di\u00e1kok!<\/p>\n<p style=\"text-align: justify;\">2019. janu\u00e1r 19-\u00e9n 10 \u00f3rakor kezd\u0151dik a k\u00f6zponti \u00edr\u00e1sbeli felv\u00e9teli vizsga. A felv\u00e9teliz\u0151ket k\u00e9rj\u00fck, hogy f\u00e9l 10-re \u00e9rjenek az iskol\u00e1ba \u00e9s hozzanak magukkal egy f\u00e9nyk\u00e9pes igazolv\u00e1nyt. A felv\u00e9teli vizsga eredm\u00e9ny\u00e9t 2019. janu\u00e1r 24-\u00e9n (cs\u00fct\u00f6rt\u00f6k\u00f6n) lehet megtekinteni 8 \u00e9s 16 \u00f3ra k\u00f6z\u00f6tt a 7\/A oszt\u00e1lyterm\u00e9ben (114. terem). Az iskola alaprajz\u00e1t <a href=\"https:\/\/drive.google.com\/open?id=1gNhoyE-hFzoQNHXZsmhupDgw1rBaHJGX\" target=\"_blank\" rel=\"noopener\">itt<\/a> tal\u00e1lj\u00e1k.<\/p>\n<p>Iskolavezet\u0151s\u00e9g<\/p>\n","protected":false},"excerpt":{"rendered":"<p>Kedves Sz\u00fcl\u0151k \u00e9s felv\u00e9teliz\u0151 Di\u00e1kok! 2019. janu\u00e1r 19-\u00e9n 10 \u00f3rakor kezd\u0151dik a k\u00f6zponti \u00edr\u00e1sbeli felv\u00e9teli vizsga. A felv\u00e9teliz\u0151ket k\u00e9rj\u00fck, hogy [&hellip;]<\/p>\n","protected":false},"author":2,"featured_media":0,"comment_status":"closed","ping_status":"open","sticky":false,"template":"","format":"standard","meta":{"ngg_post_thumbnail":0,"footnotes":""},"categories":[8],"tags":[],"class_list":["post-1866","post","type-post","status-publish","format-standard","hentry","category-hirek"],"_links":{"self":[{"href":"https:\/\/ferencesgimnazium.hu\/index.php\/wp-json\/wp\/v2\/posts\/1866","targetHints":{"allow":["GET"]}}],"collection":[{"href":"https:\/\/ferencesgimnazium.hu\/index.php\/wp-json\/wp\/v2\/posts"}],"about":[{"href":"https:\/\/ferencesgimnazium.hu\/index.php\/wp-json\/wp\/v2\/types\/post"}],"author":[{"embeddable":true,"href":"https:\/\/ferencesgimnazium.hu\/index.php\/wp-json\/wp\/v2\/users\/2"}],"replies":[{"embeddable":true,"href":"https:\/\/ferencesgimnazium.hu\/index.php\/wp-json\/wp\/v2\/comments?post=1866"}],"version-history":[{"count":4,"href":"https:\/\/ferencesgimnazium.hu\/index.php\/wp-json\/wp\/v2\/posts\/1866\/revisions"}],"predecessor-version":[{"id":1921,"href":"https:\/\/ferencesgimnazium.hu\/index.php\/wp-json\/wp\/v2\/posts\/1866\/revisions\/1921"}],"wp:attachment":[{"href":"https:\/\/ferencesgimnazium.hu\/index.php\/wp-json\/wp\/v2\/media?parent=1866"}],"wp:term":[{"taxonomy":"category","embeddable":true,"href":"https:\/\/ferencesgimnazium.hu\/index.php\/wp-json\/wp\/v2\/categories?post=1866"},{"taxonomy":"post_tag","embeddable":true,"href":"https:\/\/ferencesgimnazium.hu\/index.php\/wp-json\/wp\/v2\/tags?post=1866"}],"curies":[{"name":"wp","href":"https:\/\/api.w.org\/{rel}","templated":true}]}}