{"id":1736,"date":"2018-11-13T22:35:05","date_gmt":"2018-11-13T21:35:05","guid":{"rendered":"https:\/\/ferencesgimnazium.hu\/?p=1736"},"modified":"2018-12-19T13:22:39","modified_gmt":"2018-12-19T12:22:39","slug":"karacsonyi-ajandekgyujtes","status":"publish","type":"post","link":"https:\/\/ferencesgimnazium.hu\/index.php\/karacsonyi-ajandekgyujtes\/","title":{"rendered":"Kar\u00e1csonyi aj\u00e1nd\u00e9kgy\u0171jt\u00e9s"},"content":{"rendered":"<p>Kedves Sz\u00fcl\u0151k!<\/p>\n<div dir=\"auto\" style=\"text-align: justify;\">Az aj\u00e1nd\u00e9k \u00e1tad\u00e1sok a v\u00e9g\u00e9hez k\u00f6zelednek, \u00edgy szeretn\u00e9lek t\u00e1j\u00e9koztatni \u00d6n\u00f6ket ennek eredm\u00e9ny\u00e9r\u0151l. \u00d6sszesen kb 7 tonna gy\u0171lt \u00f6ssze \u00e9s ebb\u0151l 2500 hat\u00e1ron t\u00fali magyart tudtunk megaj\u00e1nd\u00e9kozni. K\u00e9pek \u00e9s b\u0151vebb inform\u00e1ci\u00f3 a&nbsp;<a href=\"https:\/\/www.facebook.com\/Szent-L%C3%A1szl%C3%B3-T%C3%A1rsulat-214144325347305\/?epa=SEARCH_BOX\" target=\"_blank\" rel=\"noopener\" data-saferedirecturl=\"https:\/\/www.google.com\/url?q=https:\/\/www.facebook.com\/Szent-L%25C3%25A1szl%25C3%25B3-T%25C3%25A1rsulat-214144325347305\/?epa%3DSEARCH_BOX&amp;source=gmail&amp;ust=1545306479448000&amp;usg=AFQjCNHrw8t4uwfQiK4lERSr-j6nq8lphA\">Szent L\u00e1szl\u00f3 T\u00e1rsulat<\/a>&nbsp;Facebook oldal\u00e1n tal\u00e1lnak.<\/div>\n<div dir=\"auto\">&nbsp;<\/div>\n<p>A hat\u00e1ron t\u00fali magyar iskol\u00e1k, \u00f3vod\u00e1k \u00e9s \u00e1rvah\u00e1zak gyermekeinek v\u00e1runk adom\u00e1nyokat, melyeket a port\u00e1n adhattok le november 30-ig. K\u00f6sz\u00f6nj\u00fck nagylelk\u0171 seg\u00edts\u00e9getek!<img loading=\"lazy\" decoding=\"async\" class=\"wp-image-1737 size-full aligncenter\" src=\"https:\/\/ferencesgimnazium.hu\/wp-content\/uploads\/2018\/11\/karadom.jpg\" alt=\"\" width=\"540\" height=\"960\" srcset=\"https:\/\/ferencesgimnazium.hu\/wp-content\/uploads\/2018\/11\/karadom.jpg 540w, https:\/\/ferencesgimnazium.hu\/wp-content\/uploads\/2018\/11\/karadom-169x300.jpg 169w, https:\/\/ferencesgimnazium.hu\/wp-content\/uploads\/2018\/11\/karadom-230x409.jpg 230w, https:\/\/ferencesgimnazium.hu\/wp-content\/uploads\/2018\/11\/karadom-350x622.jpg 350w, https:\/\/ferencesgimnazium.hu\/wp-content\/uploads\/2018\/11\/karadom-480x853.jpg 480w\" sizes=\"auto, (max-width: 540px) 100vw, 540px\" \/><\/p>\n","protected":false},"excerpt":{"rendered":"<p>Kedves Sz\u00fcl\u0151k! Az aj\u00e1nd\u00e9k \u00e1tad\u00e1sok a v\u00e9g\u00e9hez k\u00f6zelednek, \u00edgy szeretn\u00e9lek t\u00e1j\u00e9koztatni \u00d6n\u00f6ket ennek eredm\u00e9ny\u00e9r\u0151l. \u00d6sszesen kb 7 tonna gy\u0171lt \u00f6ssze [&hellip;]<\/p>\n","protected":false},"author":2,"featured_media":0,"comment_status":"closed","ping_status":"open","sticky":false,"template":"","format":"standard","meta":{"ngg_post_thumbnail":0,"footnotes":""},"categories":[1],"tags":[],"class_list":["post-1736","post","type-post","status-publish","format-standard","hentry","category-egyeb"],"_links":{"self":[{"href":"https:\/\/ferencesgimnazium.hu\/index.php\/wp-json\/wp\/v2\/posts\/1736","targetHints":{"allow":["GET"]}}],"collection":[{"href":"https:\/\/ferencesgimnazium.hu\/index.php\/wp-json\/wp\/v2\/posts"}],"about":[{"href":"https:\/\/ferencesgimnazium.hu\/index.php\/wp-json\/wp\/v2\/types\/post"}],"author":[{"embeddable":true,"href":"https:\/\/ferencesgimnazium.hu\/index.php\/wp-json\/wp\/v2\/users\/2"}],"replies":[{"embeddable":true,"href":"https:\/\/ferencesgimnazium.hu\/index.php\/wp-json\/wp\/v2\/comments?post=1736"}],"version-history":[{"count":3,"href":"https:\/\/ferencesgimnazium.hu\/index.php\/wp-json\/wp\/v2\/posts\/1736\/revisions"}],"predecessor-version":[{"id":1844,"href":"https:\/\/ferencesgimnazium.hu\/index.php\/wp-json\/wp\/v2\/posts\/1736\/revisions\/1844"}],"wp:attachment":[{"href":"https:\/\/ferencesgimnazium.hu\/index.php\/wp-json\/wp\/v2\/media?parent=1736"}],"wp:term":[{"taxonomy":"category","embeddable":true,"href":"https:\/\/ferencesgimnazium.hu\/index.php\/wp-json\/wp\/v2\/categories?post=1736"},{"taxonomy":"post_tag","embeddable":true,"href":"https:\/\/ferencesgimnazium.hu\/index.php\/wp-json\/wp\/v2\/tags?post=1736"}],"curies":[{"name":"wp","href":"https:\/\/api.w.org\/{rel}","templated":true}]}}