{"id":1619,"date":"2018-10-10T14:37:22","date_gmt":"2018-10-10T13:37:22","guid":{"rendered":"https:\/\/ferencesgimnazium.hu\/?p=1619"},"modified":"2018-10-10T14:45:45","modified_gmt":"2018-10-10T13:45:45","slug":"mep-becs-2018","status":"publish","type":"post","link":"https:\/\/ferencesgimnazium.hu\/index.php\/mep-becs-2018\/","title":{"rendered":"MEP &#8211; B\u00e9cs &#8211; 2018"},"content":{"rendered":"<p style=\"text-align: justify;\"><span style=\"font-family: georgia, palatino, serif;\">A Modell Eur\u00f3pa Parlament egy 1994-es holland kezdem\u00e9nyez\u00e9s\u0171 szimul\u00e1ci\u00f3s verseny, mely az Eur\u00f3pa Parlament m\u0171k\u00f6d\u00e9s\u00e9t mutatja be. Az \u00e9vek sor\u00e1n nemzetk\u00f6ziv\u00e9 n\u0151tte ki mag\u00e1t, ennek k\u00f6sz\u00f6nhet\u0151en Magyarorsz\u00e1g 2002 \u00f3ta vesz r\u00e9szt a versenyen \u00e9s 2003-ban ker\u00fclt sor az els\u0151 magyar nemzeti \u00fcl\u00e9s megrendez\u00e9s\u00e9re. Iskol\u00e1nk a kezdetek \u00f3ta oszlopos tagja ezen megm\u00e9rettet\u00e9snek \u00e9s az elm\u00falt h\u00e1rom \u00e9vben mindig a Ferences Gimn\u00e1zium di\u00e1kjai v\u00e9geztek a dobog\u00f3 legfels\u0151 fok\u00e1n. Ezen \u00e9rdemen k\u00edv\u00fcl csak egy nagyobb c\u00e9lja lehet egy di\u00e1knak, m\u00e9gpedig a nemzetk\u00f6zi versenyre, megm\u00e9rettet\u00e9sre val\u00f3 kijut\u00e1s, amely lehet\u0151s\u00e9g sz\u00e1momra id\u00e9n megadatott, valamint az a megtiszteltet\u00e9s \u00e9rt, hogy eredm\u00e9nyeim alapj\u00e1n \u00e9n lehettem a teljes magyar deleg\u00e1ci\u00f3 vezet\u0151je.<br \/>\n<\/span><em><span style=\"font-family: georgia, palatino, serif;\">(Kocsis Gerg\u0151, 11\/B)<\/span><\/em><\/p>\n<p><span style=\"font-family: georgia, palatino, serif;\">Kocsis Gerg\u0151 besz\u00e1mol\u00f3j\u00e1t teljes terjedelm\u00e9ben <a href=\"https:\/\/drive.google.com\/open?id=1WY3uXvV9q7ceZ8wmNqA8O9NadeTa_GLn\" target=\"_blank\" rel=\"noopener\">itt<\/a> olvashatjuk.<\/span><\/p>\nngg_shortcode_0_placeholder\n","protected":false},"excerpt":{"rendered":"<p>A Modell Eur\u00f3pa Parlament egy 1994-es holland kezdem\u00e9nyez\u00e9s\u0171 szimul\u00e1ci\u00f3s verseny, mely az Eur\u00f3pa Parlament m\u0171k\u00f6d\u00e9s\u00e9t mutatja be. Az \u00e9vek sor\u00e1n [&hellip;]<\/p>\n","protected":false},"author":2,"featured_media":0,"comment_status":"closed","ping_status":"open","sticky":false,"template":"","format":"standard","meta":{"ngg_post_thumbnail":0,"footnotes":""},"categories":[11,8],"tags":[],"class_list":["post-1619","post","type-post","status-publish","format-standard","hentry","category-buszkesegeink","category-hirek"],"_links":{"self":[{"href":"https:\/\/ferencesgimnazium.hu\/index.php\/wp-json\/wp\/v2\/posts\/1619","targetHints":{"allow":["GET"]}}],"collection":[{"href":"https:\/\/ferencesgimnazium.hu\/index.php\/wp-json\/wp\/v2\/posts"}],"about":[{"href":"https:\/\/ferencesgimnazium.hu\/index.php\/wp-json\/wp\/v2\/types\/post"}],"author":[{"embeddable":true,"href":"https:\/\/ferencesgimnazium.hu\/index.php\/wp-json\/wp\/v2\/users\/2"}],"replies":[{"embeddable":true,"href":"https:\/\/ferencesgimnazium.hu\/index.php\/wp-json\/wp\/v2\/comments?post=1619"}],"version-history":[{"count":5,"href":"https:\/\/ferencesgimnazium.hu\/index.php\/wp-json\/wp\/v2\/posts\/1619\/revisions"}],"predecessor-version":[{"id":1645,"href":"https:\/\/ferencesgimnazium.hu\/index.php\/wp-json\/wp\/v2\/posts\/1619\/revisions\/1645"}],"wp:attachment":[{"href":"https:\/\/ferencesgimnazium.hu\/index.php\/wp-json\/wp\/v2\/media?parent=1619"}],"wp:term":[{"taxonomy":"category","embeddable":true,"href":"https:\/\/ferencesgimnazium.hu\/index.php\/wp-json\/wp\/v2\/categories?post=1619"},{"taxonomy":"post_tag","embeddable":true,"href":"https:\/\/ferencesgimnazium.hu\/index.php\/wp-json\/wp\/v2\/tags?post=1619"}],"curies":[{"name":"wp","href":"https:\/\/api.w.org\/{rel}","templated":true}]}}