{"id":1390,"date":"2018-09-05T16:42:33","date_gmt":"2018-09-05T15:42:33","guid":{"rendered":"https:\/\/ferencesgimnazium.hu\/?p=1390"},"modified":"2018-09-05T16:46:42","modified_gmt":"2018-09-05T15:46:42","slug":"felveteli-elokeszito","status":"publish","type":"post","link":"https:\/\/ferencesgimnazium.hu\/index.php\/felveteli-elokeszito\/","title":{"rendered":"Felv\u00e9teli el\u0151k\u00e9sz\u00edt\u0151"},"content":{"rendered":"<p><span style=\"font-family: georgia, palatino, serif;\">Kedves Sz\u00fcl\u0151k!<img loading=\"lazy\" decoding=\"async\" class=\"alignright wp-image-106 size-medium\" src=\"https:\/\/ferencesgimnazium.hu\/wp-content\/uploads\/2018\/08\/logo1-193x300.png\" alt=\"\" width=\"193\" height=\"300\" srcset=\"https:\/\/ferencesgimnazium.hu\/wp-content\/uploads\/2018\/08\/logo1-193x300.png 193w, https:\/\/ferencesgimnazium.hu\/wp-content\/uploads\/2018\/08\/logo1-768x1196.png 768w, https:\/\/ferencesgimnazium.hu\/wp-content\/uploads\/2018\/08\/logo1-658x1024.png 658w, https:\/\/ferencesgimnazium.hu\/wp-content\/uploads\/2018\/08\/logo1-830x1292.png 830w, https:\/\/ferencesgimnazium.hu\/wp-content\/uploads\/2018\/08\/logo1-230x358.png 230w, https:\/\/ferencesgimnazium.hu\/wp-content\/uploads\/2018\/08\/logo1-350x545.png 350w, https:\/\/ferencesgimnazium.hu\/wp-content\/uploads\/2018\/08\/logo1-480x747.png 480w, https:\/\/ferencesgimnazium.hu\/wp-content\/uploads\/2018\/08\/logo1.png 1200w\" sizes=\"auto, (max-width: 193px) 100vw, 193px\" \/><\/span><\/p>\n<p><span style=\"font-family: georgia, palatino, serif;\">Iskol\u00e1nk id\u00e9n is tart felv\u00e9teli el\u0151k\u00e9sz\u00edt\u0151t, melyek az al\u00e1bbi id\u0151pontokban lesznek megtartva:<\/span><\/p>\n<ul style=\"list-style-type: circle;\">\n<li><span style=\"font-family: georgia, palatino, serif;\">okt\u00f3ber 10., 16:00-17:00 &#8211; magyar<\/span><\/li>\n<li><span style=\"font-family: georgia, palatino, serif;\">okt\u00f3ber 17., 16:00-17:00 &#8211; matematika<\/span><\/li>\n<li><span style=\"font-family: georgia, palatino, serif;\">november 7., 16:00-17:00 &#8211; magyar<\/span><\/li>\n<li><span style=\"font-family: georgia, palatino, serif;\">november 14., 16:00-17:00 &#8211; matematika<\/span><\/li>\n<li><span style=\"font-family: georgia, palatino, serif;\">november 21., 16:00-17:00 &#8211; magyar<\/span><\/li>\n<li><span style=\"font-family: georgia, palatino, serif;\">november 28., 16:00-17:00 &#8211; matematika<\/span><\/li>\n<li><span style=\"font-family: georgia, palatino, serif;\">december 5.,&nbsp;16:00-17:00 &#8211; magyar<\/span><\/li>\n<li><span style=\"font-family: georgia, palatino, serif;\">december 12.,&nbsp;16:00-17:00 &#8211; matematika<\/span><\/li>\n<\/ul>\n<p><span style=\"font-family: georgia, palatino, serif;\">Az el\u0151k\u00e9sz\u00edt\u0151kre az al\u00e1bbi <a href=\"https:\/\/goo.gl\/forms\/mQDLg0r1PHhFm0tE3\" target=\"_blank\" rel=\"noopener\">\u0171rlapon<\/a> lehet jelentkezni.<\/span><\/p>\n","protected":false},"excerpt":{"rendered":"<p>Kedves Sz\u00fcl\u0151k! Iskol\u00e1nk id\u00e9n is tart felv\u00e9teli el\u0151k\u00e9sz\u00edt\u0151t, melyek az al\u00e1bbi id\u0151pontokban lesznek megtartva: okt\u00f3ber 10., 16:00-17:00 &#8211; magyar okt\u00f3ber [&hellip;]<\/p>\n","protected":false},"author":2,"featured_media":0,"comment_status":"closed","ping_status":"open","sticky":false,"template":"","format":"standard","meta":{"ngg_post_thumbnail":0,"footnotes":""},"categories":[8],"tags":[],"class_list":["post-1390","post","type-post","status-publish","format-standard","hentry","category-hirek"],"_links":{"self":[{"href":"https:\/\/ferencesgimnazium.hu\/index.php\/wp-json\/wp\/v2\/posts\/1390","targetHints":{"allow":["GET"]}}],"collection":[{"href":"https:\/\/ferencesgimnazium.hu\/index.php\/wp-json\/wp\/v2\/posts"}],"about":[{"href":"https:\/\/ferencesgimnazium.hu\/index.php\/wp-json\/wp\/v2\/types\/post"}],"author":[{"embeddable":true,"href":"https:\/\/ferencesgimnazium.hu\/index.php\/wp-json\/wp\/v2\/users\/2"}],"replies":[{"embeddable":true,"href":"https:\/\/ferencesgimnazium.hu\/index.php\/wp-json\/wp\/v2\/comments?post=1390"}],"version-history":[{"count":4,"href":"https:\/\/ferencesgimnazium.hu\/index.php\/wp-json\/wp\/v2\/posts\/1390\/revisions"}],"predecessor-version":[{"id":1394,"href":"https:\/\/ferencesgimnazium.hu\/index.php\/wp-json\/wp\/v2\/posts\/1390\/revisions\/1394"}],"wp:attachment":[{"href":"https:\/\/ferencesgimnazium.hu\/index.php\/wp-json\/wp\/v2\/media?parent=1390"}],"wp:term":[{"taxonomy":"category","embeddable":true,"href":"https:\/\/ferencesgimnazium.hu\/index.php\/wp-json\/wp\/v2\/categories?post=1390"},{"taxonomy":"post_tag","embeddable":true,"href":"https:\/\/ferencesgimnazium.hu\/index.php\/wp-json\/wp\/v2\/tags?post=1390"}],"curies":[{"name":"wp","href":"https:\/\/api.w.org\/{rel}","templated":true}]}}