{"id":1346,"date":"2018-08-30T21:27:24","date_gmt":"2018-08-30T20:27:24","guid":{"rendered":"https:\/\/ferencesgimnazium.hu\/?p=1346"},"modified":"2018-08-30T21:30:05","modified_gmt":"2018-08-30T20:30:05","slug":"evkezdes","status":"publish","type":"post","link":"https:\/\/ferencesgimnazium.hu\/index.php\/evkezdes\/","title":{"rendered":"\u00c9vkezd\u00e9s"},"content":{"rendered":"<p><span style=\"font-family: georgia, palatino, serif;\">Kedves Di\u00e1kok!<\/span><\/p>\n<p><span style=\"font-family: georgia, palatino, serif;\">Rem\u00e9lj\u00fck mindenkinek j\u00f3l telt a ny\u00e1ri vak\u00e1ci\u00f3. De most m\u00e1r&nbsp;szeretettel v\u00e1runk&nbsp; Titeket vissza az iskol\u00e1ba.<\/span><\/p>\n<ul style=\"list-style-type: circle;\">\n<li><span style=\"font-family: georgia, palatino, serif;\">A Veni Sancte 2018. szeptember 3-\u00e1n 9 \u00f3rakor lesz megtartva<\/span><\/li>\n<li><span style=\"font-family: georgia, palatino, serif;\">ut\u00e1na 2 oszt\u00e1lyf\u0151n\u00f6ki \u00f3ra k\u00f6vetkezik<\/span><\/li>\n<li><span style=\"font-family: georgia, palatino, serif;\">a menz\u00e1n \u00e9tkez\u0151knek m\u00e1r h\u00e9tf\u0151n lesz eb\u00e9d az \u00f3r\u00e1k ut\u00e1n.<\/span><\/li>\n<\/ul>\n","protected":false},"excerpt":{"rendered":"<p>Kedves Di\u00e1kok! Rem\u00e9lj\u00fck mindenkinek j\u00f3l telt a ny\u00e1ri vak\u00e1ci\u00f3. De most m\u00e1r&nbsp;szeretettel v\u00e1runk&nbsp; Titeket vissza az iskol\u00e1ba. A Veni Sancte [&hellip;]<\/p>\n","protected":false},"author":2,"featured_media":0,"comment_status":"closed","ping_status":"open","sticky":false,"template":"","format":"standard","meta":{"ngg_post_thumbnail":0,"footnotes":""},"categories":[8],"tags":[],"class_list":["post-1346","post","type-post","status-publish","format-standard","hentry","category-hirek"],"_links":{"self":[{"href":"https:\/\/ferencesgimnazium.hu\/index.php\/wp-json\/wp\/v2\/posts\/1346","targetHints":{"allow":["GET"]}}],"collection":[{"href":"https:\/\/ferencesgimnazium.hu\/index.php\/wp-json\/wp\/v2\/posts"}],"about":[{"href":"https:\/\/ferencesgimnazium.hu\/index.php\/wp-json\/wp\/v2\/types\/post"}],"author":[{"embeddable":true,"href":"https:\/\/ferencesgimnazium.hu\/index.php\/wp-json\/wp\/v2\/users\/2"}],"replies":[{"embeddable":true,"href":"https:\/\/ferencesgimnazium.hu\/index.php\/wp-json\/wp\/v2\/comments?post=1346"}],"version-history":[{"count":3,"href":"https:\/\/ferencesgimnazium.hu\/index.php\/wp-json\/wp\/v2\/posts\/1346\/revisions"}],"predecessor-version":[{"id":1349,"href":"https:\/\/ferencesgimnazium.hu\/index.php\/wp-json\/wp\/v2\/posts\/1346\/revisions\/1349"}],"wp:attachment":[{"href":"https:\/\/ferencesgimnazium.hu\/index.php\/wp-json\/wp\/v2\/media?parent=1346"}],"wp:term":[{"taxonomy":"category","embeddable":true,"href":"https:\/\/ferencesgimnazium.hu\/index.php\/wp-json\/wp\/v2\/categories?post=1346"},{"taxonomy":"post_tag","embeddable":true,"href":"https:\/\/ferencesgimnazium.hu\/index.php\/wp-json\/wp\/v2\/tags?post=1346"}],"curies":[{"name":"wp","href":"https:\/\/api.w.org\/{rel}","templated":true}]}}